{"id":28871,"date":"2019-04-16T20:42:14","date_gmt":"2019-04-16T20:42:14","guid":{"rendered":"http:\/\/www.federacaopaulistadefutsal.com.br\/novo\/?p=28871"},"modified":"2019-04-16T20:42:14","modified_gmt":"2019-04-16T20:42:14","slug":"futsal-feminino-de-sao-bernardo-estreia-na-taca-sp-contra-o-taboao-da-serra","status":"publish","type":"post","link":"https:\/\/www.federacaopaulistadefutsal.com.br\/novo\/futsal-feminino-de-sao-bernardo-estreia-na-taca-sp-contra-o-taboao-da-serra\/","title":{"rendered":"Futsal feminino de S\u00e3o Bernardo estreia na Ta\u00e7a SP contra o Tabo\u00e3o da Serra"},"content":{"rendered":"<p>Diante do seu torcedor, o S\u00e3o Bernardo\/Sabesp joga pela Ta\u00e7a S\u00e3o Paulo contra o Tabo\u00e3o da Serra nessa quarta-feira (17\/4), no gin\u00e1sio Poliesportivo Adib Mois\u00e9s Dyb.<\/p>\n<p>Ser\u00e1 a estreia da equipe de S\u00e3o Bernardo do Campo na competi\u00e7\u00e3o. O advers\u00e1rio, atual campe\u00e3o do Campeonato Paulista, vem de vit\u00f3ria contra o MRW por 7 a 0.<\/p>\n<p>O duelo acontece a partir das 19h30.<\/p>\n","protected":false},"excerpt":{"rendered":"<p>Diante do seu torcedor, o S\u00e3o Bernardo\/Sabesp joga pela Ta\u00e7a S\u00e3o Paulo contra o Tabo\u00e3o da Serra nessa quarta-feira (17\/4),<\/p>\n","protected":false},"author":2,"featured_media":28872,"comment_status":"open","ping_status":"open","sticky":false,"template":"","format":"standard","meta":{"footnotes":""},"categories":[26,32,2651,39],"tags":[113,42,1138,2399],"class_list":["post-28871","post","type-post","status-publish","format-standard","has-post-thumbnail","hentry","category-feminino","category-maiores","category-noticias","category-taca-sao-paulo-de-futsal","tag-a-d-sao-bernardo","tag-fpfs","tag-futsal-feminino","tag-taca-sao-paulo-de-futsal"],"_links":{"self":[{"href":"https:\/\/www.federacaopaulistadefutsal.com.br\/novo\/wp-json\/wp\/v2\/posts\/28871","targetHints":{"allow":["GET"]}}],"collection":[{"href":"https:\/\/www.federacaopaulistadefutsal.com.br\/novo\/wp-json\/wp\/v2\/posts"}],"about":[{"href":"https:\/\/www.federacaopaulistadefutsal.com.br\/novo\/wp-json\/wp\/v2\/types\/post"}],"author":[{"embeddable":true,"href":"https:\/\/www.federacaopaulistadefutsal.com.br\/novo\/wp-json\/wp\/v2\/users\/2"}],"replies":[{"embeddable":true,"href":"https:\/\/www.federacaopaulistadefutsal.com.br\/novo\/wp-json\/wp\/v2\/comments?post=28871"}],"version-history":[{"count":2,"href":"https:\/\/www.federacaopaulistadefutsal.com.br\/novo\/wp-json\/wp\/v2\/posts\/28871\/revisions"}],"predecessor-version":[{"id":28874,"href":"https:\/\/www.federacaopaulistadefutsal.com.br\/novo\/wp-json\/wp\/v2\/posts\/28871\/revisions\/28874"}],"wp:featuredmedia":[{"embeddable":true,"href":"https:\/\/www.federacaopaulistadefutsal.com.br\/novo\/wp-json\/wp\/v2\/media\/28872"}],"wp:attachment":[{"href":"https:\/\/www.federacaopaulistadefutsal.com.br\/novo\/wp-json\/wp\/v2\/media?parent=28871"}],"wp:term":[{"taxonomy":"category","embeddable":true,"href":"https:\/\/www.federacaopaulistadefutsal.com.br\/novo\/wp-json\/wp\/v2\/categories?post=28871"},{"taxonomy":"post_tag","embeddable":true,"href":"https:\/\/www.federacaopaulistadefutsal.com.br\/novo\/wp-json\/wp\/v2\/tags?post=28871"}],"curies":[{"name":"wp","href":"https:\/\/api.w.org\/{rel}","templated":true}]}}