{"id":28897,"date":"2019-04-18T21:00:11","date_gmt":"2019-04-18T21:00:11","guid":{"rendered":"http:\/\/www.federacaopaulistadefutsal.com.br\/novo\/?p=28897"},"modified":"2019-04-18T21:00:11","modified_gmt":"2019-04-18T21:00:11","slug":"corinthians-enfrenta-o-sao-jose-pelo-campeonato-paulistapenalty","status":"publish","type":"post","link":"https:\/\/www.federacaopaulistadefutsal.com.br\/novo\/corinthians-enfrenta-o-sao-jose-pelo-campeonato-paulistapenalty\/","title":{"rendered":"Corinthians enfrenta o S\u00e3o Jos\u00e9 pelo Campeonato Paulista\/Penalty"},"content":{"rendered":"<div>Nesta quinta-feira (18), o Corinthians encara o S\u00e3o Jos\u00e9, \u00e0s 20h, no Gin\u00e1sio do T\u00eanis Clube, no interior paulista. O duelo \u00e9 v\u00e1lido pela quarta rodada do Campeonato Paulista\/Penalty,\u00a0 com o Corinthians procura manter os 100% de aproveitamento na competi\u00e7\u00e3o.<\/div>\n<div><\/div>\n<div>O Alvinegro j\u00e1 enfrentou o S\u00e3o Jos\u00e9 na competi\u00e7\u00e3o, pela primeira rodada e vencendo por 5 a 0 no Gin\u00e1sio Wlamir Marques.<\/div>\n<div><\/div>\n<div>Para a partida, o treinador Andr\u00e9 Bi\u00e9 tem os seguintes jogadores \u00e0 disposi\u00e7\u00e3o: Tiago, Obina e Schutt (Goleiros); Nen\u00ea, Andre, Batalha e Henrique (Fixos); Murilo, Caio, Matheus, Renatinho, Rafa, Caf\u00e9 (Alas); Douglas e Higor (Piv\u00f4s). O fixo Daniel e o ala Deives seguem em tratamento de les\u00e3o.<\/div>\n<div><\/div>\n<div>O ala Caio falou sobre import\u00e2ncia do jogo para a sequencia da equipe. \u201cPrecisamos nos impor, mesmo jogando fora de casa. Estamos mordidos pelo resultado do nosso \u00faltimo jogo pela Liga Nacional, queremos voltar a atuar bem e retomar o caminho das vit\u00f3rias\u201d, disse o jogador.<\/div>\n<p><em>Foto: Rodrigo Coca<\/em><\/p>\n","protected":false},"excerpt":{"rendered":"<p>Nesta quinta-feira (18), o Corinthians encara o S\u00e3o Jos\u00e9, \u00e0s 20h, no Gin\u00e1sio do T\u00eanis Clube, no interior paulista. O<\/p>\n","protected":false},"author":2,"featured_media":28898,"comment_status":"open","ping_status":"open","sticky":false,"template":"","format":"standard","meta":{"footnotes":""},"categories":[25,32,2651],"tags":[2699,42,1147,2151],"class_list":["post-28897","post","type-post","status-publish","format-standard","has-post-thumbnail","hentry","category-destaques","category-maiores","category-noticias","tag-campeonato-paulista-de-futsalpenalty","tag-fpfs","tag-futsal-masculino","tag-s-c-corinthians"],"_links":{"self":[{"href":"https:\/\/www.federacaopaulistadefutsal.com.br\/novo\/wp-json\/wp\/v2\/posts\/28897","targetHints":{"allow":["GET"]}}],"collection":[{"href":"https:\/\/www.federacaopaulistadefutsal.com.br\/novo\/wp-json\/wp\/v2\/posts"}],"about":[{"href":"https:\/\/www.federacaopaulistadefutsal.com.br\/novo\/wp-json\/wp\/v2\/types\/post"}],"author":[{"embeddable":true,"href":"https:\/\/www.federacaopaulistadefutsal.com.br\/novo\/wp-json\/wp\/v2\/users\/2"}],"replies":[{"embeddable":true,"href":"https:\/\/www.federacaopaulistadefutsal.com.br\/novo\/wp-json\/wp\/v2\/comments?post=28897"}],"version-history":[{"count":1,"href":"https:\/\/www.federacaopaulistadefutsal.com.br\/novo\/wp-json\/wp\/v2\/posts\/28897\/revisions"}],"predecessor-version":[{"id":28899,"href":"https:\/\/www.federacaopaulistadefutsal.com.br\/novo\/wp-json\/wp\/v2\/posts\/28897\/revisions\/28899"}],"wp:featuredmedia":[{"embeddable":true,"href":"https:\/\/www.federacaopaulistadefutsal.com.br\/novo\/wp-json\/wp\/v2\/media\/28898"}],"wp:attachment":[{"href":"https:\/\/www.federacaopaulistadefutsal.com.br\/novo\/wp-json\/wp\/v2\/media?parent=28897"}],"wp:term":[{"taxonomy":"category","embeddable":true,"href":"https:\/\/www.federacaopaulistadefutsal.com.br\/novo\/wp-json\/wp\/v2\/categories?post=28897"},{"taxonomy":"post_tag","embeddable":true,"href":"https:\/\/www.federacaopaulistadefutsal.com.br\/novo\/wp-json\/wp\/v2\/tags?post=28897"}],"curies":[{"name":"wp","href":"https:\/\/api.w.org\/{rel}","templated":true}]}}