{"id":28931,"date":"2019-04-22T14:00:41","date_gmt":"2019-04-22T14:00:41","guid":{"rendered":"http:\/\/www.federacaopaulistadefutsal.com.br\/novo\/?p=28931"},"modified":"2019-04-22T16:50:04","modified_gmt":"2019-04-22T16:50:04","slug":"sub-20-em-sua-estreia-no-paulista-corinthians-vence-hortolandia-no-wlamir-marques","status":"publish","type":"post","link":"https:\/\/www.federacaopaulistadefutsal.com.br\/novo\/sub-20-em-sua-estreia-no-paulista-corinthians-vence-hortolandia-no-wlamir-marques\/","title":{"rendered":"Sub-20: em sua estreia no Paulista, Corinthians vence Hortol\u00e2ndia no Wlamir Marques"},"content":{"rendered":"<div>Na sexta-feira (19\/4), o Corinthians venceu o Hortol\u00e2ndia Futsal por 7 a 2, na estreia do Campeonato Paulista Sub-20. O jogo aconteceu no gin\u00e1sio Wlamir Marques e os gols do Alvinegro foram marcados por Neguinho (3), Malcom (2), Tabuca e Gui Marques.<\/div>\n<div><\/div>\n<div>A equipe Alvinegra sub-20 j\u00e1 vinha embalada ap\u00f3s a conquista do t\u00edtulo da Ta\u00e7a SP Sub-20, onde foi campe\u00e3 invicta.<\/div>\n<div><\/div>\n<div>Agora, os garotos do Corinthians voltam \u00e0 quadra na pr\u00f3xima quarta-feira (24\/4), \u00e0s 19h30, novamente no gin\u00e1sio Wlamir Marques contra o Magnus Futsal, pelo Campeonato Paulista.<\/div>\n<div><\/div>\n<div>Informa\u00e7\u00f5es: assessoria de imprensa Corinthians<\/div>\n<div><\/div>\n<div>Foto: Andr\u00e9 Luis Anselmo<\/div>\n","protected":false},"excerpt":{"rendered":"<p>Na sexta-feira (19\/4), o Corinthians venceu o Hortol\u00e2ndia Futsal por 7 a 2, na estreia do Campeonato Paulista Sub-20. O<\/p>\n","protected":false},"author":2,"featured_media":28944,"comment_status":"open","ping_status":"open","sticky":false,"template":"","format":"standard","meta":{"footnotes":""},"categories":[2660,25,33,2651],"tags":[549,42,2151],"class_list":["post-28931","post","type-post","status-publish","format-standard","has-post-thumbnail","hentry","category-home-destaque","category-destaques","category-menores","category-noticias","tag-categoria-sub-20","tag-fpfs","tag-s-c-corinthians"],"_links":{"self":[{"href":"https:\/\/www.federacaopaulistadefutsal.com.br\/novo\/wp-json\/wp\/v2\/posts\/28931","targetHints":{"allow":["GET"]}}],"collection":[{"href":"https:\/\/www.federacaopaulistadefutsal.com.br\/novo\/wp-json\/wp\/v2\/posts"}],"about":[{"href":"https:\/\/www.federacaopaulistadefutsal.com.br\/novo\/wp-json\/wp\/v2\/types\/post"}],"author":[{"embeddable":true,"href":"https:\/\/www.federacaopaulistadefutsal.com.br\/novo\/wp-json\/wp\/v2\/users\/2"}],"replies":[{"embeddable":true,"href":"https:\/\/www.federacaopaulistadefutsal.com.br\/novo\/wp-json\/wp\/v2\/comments?post=28931"}],"version-history":[{"count":1,"href":"https:\/\/www.federacaopaulistadefutsal.com.br\/novo\/wp-json\/wp\/v2\/posts\/28931\/revisions"}],"predecessor-version":[{"id":28932,"href":"https:\/\/www.federacaopaulistadefutsal.com.br\/novo\/wp-json\/wp\/v2\/posts\/28931\/revisions\/28932"}],"wp:featuredmedia":[{"embeddable":true,"href":"https:\/\/www.federacaopaulistadefutsal.com.br\/novo\/wp-json\/wp\/v2\/media\/28944"}],"wp:attachment":[{"href":"https:\/\/www.federacaopaulistadefutsal.com.br\/novo\/wp-json\/wp\/v2\/media?parent=28931"}],"wp:term":[{"taxonomy":"category","embeddable":true,"href":"https:\/\/www.federacaopaulistadefutsal.com.br\/novo\/wp-json\/wp\/v2\/categories?post=28931"},{"taxonomy":"post_tag","embeddable":true,"href":"https:\/\/www.federacaopaulistadefutsal.com.br\/novo\/wp-json\/wp\/v2\/tags?post=28931"}],"curies":[{"name":"wp","href":"https:\/\/api.w.org\/{rel}","templated":true}]}}