{"id":28973,"date":"2019-04-25T14:57:17","date_gmt":"2019-04-25T14:57:17","guid":{"rendered":"http:\/\/www.federacaopaulistadefutsal.com.br\/novo\/?p=28973"},"modified":"2019-04-25T17:40:39","modified_gmt":"2019-04-25T17:40:39","slug":"corinthians-empata-com-o-magnus-pelo-campeonato-paulista-sub-20","status":"publish","type":"post","link":"https:\/\/www.federacaopaulistadefutsal.com.br\/novo\/corinthians-empata-com-o-magnus-pelo-campeonato-paulista-sub-20\/","title":{"rendered":"Corinthians empata com o Magnus pelo Campeonato Paulista Sub-20"},"content":{"rendered":"<div>Nesta quarta-feira (24), no gin\u00e1sio poliesportivo Wlamir Marques, o Corinthians enfrentou o Magnus pela segunda rodada do Campeonato Paulista Sub-20. Em um jogo muito disputado, o Corinthians empatou por 0 a 0 e segue invicto na competi\u00e7\u00e3o. O cl\u00e1ssico foi reedi\u00e7\u00e3o da semifinal da Ta\u00e7a SP Sub-20, em que o Alvinegro\u00a0 se classificou ap\u00f3s vencer por 3 a 2.<\/div>\n<div><\/div>\n<div>Comandado pelo t\u00e9cnico Gustavo Passos, o Corinthians come\u00e7ou a partida com Vanderson, Guilherm\u00e3o, Marcelo, Gui Marques e Neguinho. \u00c0 disposi\u00e7\u00e3o, estavam: Dasaev, Micaio, Rapha,\u00a0 Bruno, Vin\u00edcius, Yuri, Daniel, Tabuca, Billy, Nairton, Bol\u00edvar, Malcom, Gabrielz\u00e3o, Jo\u00e3o e Kau\u00ea.<\/div>\n<div><\/div>\n<div>A partida foi muito equilibrada, com chances para os dois lados. O Tim\u00e3o apostou nos ataques r\u00e1pidos para surpreender o advers\u00e1rio. Assim como foi na Ta\u00e7a SP, o jogo foi muito igual e terminou com as defesas se sobressaindo em rela\u00e7\u00e3o aos ataques.<\/div>\n<div><\/div>\n<div>A pr\u00f3xima partida do Alvinegro no campeonato acontece na segunda-feira (29), \u00e0s 19h, contra o Jacare\u00ed, fora de casa.<\/div>\n<div><\/div>\n<div>Informa\u00e7\u00f5es: assessoria de imprensa Corinthians<br \/>\nFoto: <em>Andre Luis Anselmo<\/em><\/div>\n","protected":false},"excerpt":{"rendered":"<p>Nesta quarta-feira (24), no gin\u00e1sio poliesportivo Wlamir Marques, o Corinthians enfrentou o Magnus pela segunda rodada do Campeonato Paulista Sub-20.<\/p>\n","protected":false},"author":2,"featured_media":28974,"comment_status":"open","ping_status":"open","sticky":false,"template":"","format":"standard","meta":{"footnotes":""},"categories":[2660,25,33,2651],"tags":[549,42,1571,2151],"class_list":["post-28973","post","type-post","status-publish","format-standard","has-post-thumbnail","hentry","category-home-destaque","category-destaques","category-menores","category-noticias","tag-categoria-sub-20","tag-fpfs","tag-magnus-futsal","tag-s-c-corinthians"],"_links":{"self":[{"href":"https:\/\/www.federacaopaulistadefutsal.com.br\/novo\/wp-json\/wp\/v2\/posts\/28973","targetHints":{"allow":["GET"]}}],"collection":[{"href":"https:\/\/www.federacaopaulistadefutsal.com.br\/novo\/wp-json\/wp\/v2\/posts"}],"about":[{"href":"https:\/\/www.federacaopaulistadefutsal.com.br\/novo\/wp-json\/wp\/v2\/types\/post"}],"author":[{"embeddable":true,"href":"https:\/\/www.federacaopaulistadefutsal.com.br\/novo\/wp-json\/wp\/v2\/users\/2"}],"replies":[{"embeddable":true,"href":"https:\/\/www.federacaopaulistadefutsal.com.br\/novo\/wp-json\/wp\/v2\/comments?post=28973"}],"version-history":[{"count":1,"href":"https:\/\/www.federacaopaulistadefutsal.com.br\/novo\/wp-json\/wp\/v2\/posts\/28973\/revisions"}],"predecessor-version":[{"id":28975,"href":"https:\/\/www.federacaopaulistadefutsal.com.br\/novo\/wp-json\/wp\/v2\/posts\/28973\/revisions\/28975"}],"wp:featuredmedia":[{"embeddable":true,"href":"https:\/\/www.federacaopaulistadefutsal.com.br\/novo\/wp-json\/wp\/v2\/media\/28974"}],"wp:attachment":[{"href":"https:\/\/www.federacaopaulistadefutsal.com.br\/novo\/wp-json\/wp\/v2\/media?parent=28973"}],"wp:term":[{"taxonomy":"category","embeddable":true,"href":"https:\/\/www.federacaopaulistadefutsal.com.br\/novo\/wp-json\/wp\/v2\/categories?post=28973"},{"taxonomy":"post_tag","embeddable":true,"href":"https:\/\/www.federacaopaulistadefutsal.com.br\/novo\/wp-json\/wp\/v2\/tags?post=28973"}],"curies":[{"name":"wp","href":"https:\/\/api.w.org\/{rel}","templated":true}]}}