{"id":28980,"date":"2019-04-26T12:50:56","date_gmt":"2019-04-26T12:50:56","guid":{"rendered":"http:\/\/www.federacaopaulistadefutsal.com.br\/novo\/?p=28980"},"modified":"2019-04-26T12:58:20","modified_gmt":"2019-04-26T12:58:20","slug":"categorias-sub-12-e-14-do-instituto-familia-futsal-participam-de-palestras-sobrea-pratica-do-futsal","status":"publish","type":"post","link":"https:\/\/www.federacaopaulistadefutsal.com.br\/novo\/categorias-sub-12-e-14-do-instituto-familia-futsal-participam-de-palestras-sobrea-pratica-do-futsal\/","title":{"rendered":"Categorias sub-12 e 14 do Instituto Fam\u00edlia Futsal participam de palestras sobre a pr\u00e1tica do futsal"},"content":{"rendered":"<p>No ultimo dia 8 de abril, o Instituto Fam\u00edlia Futsal\u00a0 recebeu a visita do professor Juninho e dos alunos do 5 \u00b0 e 6 \u00b0 per\u00edodo da Faculdade de Educa\u00e7\u00e3o F\u00edsica da Unisal , onde o professor Rodolfo Zanin ministrou uma palestra sobre os campeonatos da Federa\u00e7\u00e3o Paulista de Futsal e tamb\u00e9m entrou nos temas espec\u00edficos de\u00a0 jogos coordenativos , situacionais e a import\u00e2ncia da prepara\u00e7\u00e3o da t\u00e1tica individual do atleta.\u00a0 O preparador f\u00edsico Jos\u00e9 Osmar comentou sobre o planejamento e m\u00e9todos da prepara\u00e7\u00e3o f\u00edsica das categoria sub-14 e sub-16 .<\/p>\n<p>Zanin citou a import\u00e2ncia deste momento para ele e ainda ressaltou que foi uma troca de informa\u00e7\u00f5es valiosa, pois o mesmo exigiu a intera\u00e7\u00e3o dos alunos nas atividades apresentadas.<\/p>\n<p>Participaram desta palestra, al\u00e9m dos alunos da Unisal , os pais os atletas do Instituto e tamb\u00e9m os atletas da categoria sub-12 e sub-14 .<\/p>\n<p>Foto: divulga\u00e7\u00e3o<\/p>\n","protected":false},"excerpt":{"rendered":"<p>No ultimo dia 8 de abril, o Instituto Fam\u00edlia Futsal\u00a0 recebeu a visita do professor Juninho e dos alunos do<\/p>\n","protected":false},"author":2,"featured_media":28981,"comment_status":"open","ping_status":"open","sticky":false,"template":"","format":"standard","meta":{"footnotes":""},"categories":[33,2651],"tags":[41,42,1322],"class_list":["post-28980","post","type-post","status-publish","format-standard","has-post-thumbnail","hentry","category-menores","category-noticias","tag-categorias-menores","tag-fpfs","tag-instituto-familia-futsal"],"_links":{"self":[{"href":"https:\/\/www.federacaopaulistadefutsal.com.br\/novo\/wp-json\/wp\/v2\/posts\/28980","targetHints":{"allow":["GET"]}}],"collection":[{"href":"https:\/\/www.federacaopaulistadefutsal.com.br\/novo\/wp-json\/wp\/v2\/posts"}],"about":[{"href":"https:\/\/www.federacaopaulistadefutsal.com.br\/novo\/wp-json\/wp\/v2\/types\/post"}],"author":[{"embeddable":true,"href":"https:\/\/www.federacaopaulistadefutsal.com.br\/novo\/wp-json\/wp\/v2\/users\/2"}],"replies":[{"embeddable":true,"href":"https:\/\/www.federacaopaulistadefutsal.com.br\/novo\/wp-json\/wp\/v2\/comments?post=28980"}],"version-history":[{"count":3,"href":"https:\/\/www.federacaopaulistadefutsal.com.br\/novo\/wp-json\/wp\/v2\/posts\/28980\/revisions"}],"predecessor-version":[{"id":28995,"href":"https:\/\/www.federacaopaulistadefutsal.com.br\/novo\/wp-json\/wp\/v2\/posts\/28980\/revisions\/28995"}],"wp:featuredmedia":[{"embeddable":true,"href":"https:\/\/www.federacaopaulistadefutsal.com.br\/novo\/wp-json\/wp\/v2\/media\/28981"}],"wp:attachment":[{"href":"https:\/\/www.federacaopaulistadefutsal.com.br\/novo\/wp-json\/wp\/v2\/media?parent=28980"}],"wp:term":[{"taxonomy":"category","embeddable":true,"href":"https:\/\/www.federacaopaulistadefutsal.com.br\/novo\/wp-json\/wp\/v2\/categories?post=28980"},{"taxonomy":"post_tag","embeddable":true,"href":"https:\/\/www.federacaopaulistadefutsal.com.br\/novo\/wp-json\/wp\/v2\/tags?post=28980"}],"curies":[{"name":"wp","href":"https:\/\/api.w.org\/{rel}","templated":true}]}}