{"id":28983,"date":"2019-04-26T17:06:46","date_gmt":"2019-04-26T17:06:46","guid":{"rendered":"http:\/\/www.federacaopaulistadefutsal.com.br\/novo\/?p=28983"},"modified":"2019-04-26T17:06:46","modified_gmt":"2019-04-26T17:06:46","slug":"em-busca-dos-primeiros-pontos-sao-jose-visita-carlos-barbosa-pela-lnf","status":"publish","type":"post","link":"https:\/\/www.federacaopaulistadefutsal.com.br\/novo\/em-busca-dos-primeiros-pontos-sao-jose-visita-carlos-barbosa-pela-lnf\/","title":{"rendered":"Em busca dos primeiros pontos, S\u00e3o Jos\u00e9 visita Carlos Barbosa pela LNF"},"content":{"rendered":"<p>Nesta sexta-feira, o S\u00e3o Jos\u00e9 Futsal volta a atuar pela Liga Nacional em partida fora de casa, contra o Carlos Barbosa. O jogo acontece a partir de 20:15h e \u00e9 v\u00e1lido pela 3\u00aa rodada da LNF.<\/p>\n<p>Precisando somar pontos na Liga, o t\u00e9cnico Fl\u00e1vio Cavalcante teve um bom per\u00edodo de trabalho com seus atletas em S\u00e3o Jos\u00e9 dos Campos depois do \u00faltimo jogo na semana anterior, al\u00e9m de dois treinos programados em Carlos Barbosa para acertar os \u00faltimos detalhes de seus comandados para esse jogo.<\/p>\n<p>Como refor\u00e7o para a equipe, o ala Nikolas est\u00e1 liberado pelo Departamento M\u00e9dico para essa partida depois de um per\u00edodo fora por conta de uma les\u00e3o e falou sobre o confronto contra a ACBF:<\/p>\n<p>&#8221;Estamos com uma expectativa muito grande para essa partida, ainda mais atuando contra um dos melhores times da competi\u00e7\u00e3o, mas n\u00e3o estamos aqui para passear. Sabemos que precisamos somar pontos na Liga e esperamos fazer um \u00f3timo jogo fora de casa com esse objetivo.&#8221;<\/p>\n<p>Informa\u00e7\u00f5es: assessoria de imprensa S\u00e3o Jos\u00e9<br \/>\nFoto: Brenno Domingues<\/p>\n","protected":false},"excerpt":{"rendered":"<p>Nesta sexta-feira, o S\u00e3o Jos\u00e9 Futsal volta a atuar pela Liga Nacional em partida fora de casa, contra o Carlos<\/p>\n","protected":false},"author":2,"featured_media":28984,"comment_status":"open","ping_status":"open","sticky":false,"template":"","format":"standard","meta":{"footnotes":""},"categories":[29,30,32,2651],"tags":[42,1546,2150,2201],"class_list":["post-28983","post","type-post","status-publish","format-standard","has-post-thumbnail","hentry","category-interior","category-liga-nacional-de-futsal","category-maiores","category-noticias","tag-fpfs","tag-lnf","tag-s","tag-sao-jose-futsal"],"_links":{"self":[{"href":"https:\/\/www.federacaopaulistadefutsal.com.br\/novo\/wp-json\/wp\/v2\/posts\/28983","targetHints":{"allow":["GET"]}}],"collection":[{"href":"https:\/\/www.federacaopaulistadefutsal.com.br\/novo\/wp-json\/wp\/v2\/posts"}],"about":[{"href":"https:\/\/www.federacaopaulistadefutsal.com.br\/novo\/wp-json\/wp\/v2\/types\/post"}],"author":[{"embeddable":true,"href":"https:\/\/www.federacaopaulistadefutsal.com.br\/novo\/wp-json\/wp\/v2\/users\/2"}],"replies":[{"embeddable":true,"href":"https:\/\/www.federacaopaulistadefutsal.com.br\/novo\/wp-json\/wp\/v2\/comments?post=28983"}],"version-history":[{"count":1,"href":"https:\/\/www.federacaopaulistadefutsal.com.br\/novo\/wp-json\/wp\/v2\/posts\/28983\/revisions"}],"predecessor-version":[{"id":28985,"href":"https:\/\/www.federacaopaulistadefutsal.com.br\/novo\/wp-json\/wp\/v2\/posts\/28983\/revisions\/28985"}],"wp:featuredmedia":[{"embeddable":true,"href":"https:\/\/www.federacaopaulistadefutsal.com.br\/novo\/wp-json\/wp\/v2\/media\/28984"}],"wp:attachment":[{"href":"https:\/\/www.federacaopaulistadefutsal.com.br\/novo\/wp-json\/wp\/v2\/media?parent=28983"}],"wp:term":[{"taxonomy":"category","embeddable":true,"href":"https:\/\/www.federacaopaulistadefutsal.com.br\/novo\/wp-json\/wp\/v2\/categories?post=28983"},{"taxonomy":"post_tag","embeddable":true,"href":"https:\/\/www.federacaopaulistadefutsal.com.br\/novo\/wp-json\/wp\/v2\/tags?post=28983"}],"curies":[{"name":"wp","href":"https:\/\/api.w.org\/{rel}","templated":true}]}}