{"id":29028,"date":"2019-04-29T23:12:43","date_gmt":"2019-04-29T23:12:43","guid":{"rendered":"http:\/\/www.federacaopaulistadefutsal.com.br\/novo\/?p=29028"},"modified":"2019-04-29T23:12:43","modified_gmt":"2019-04-29T23:12:43","slug":"ad-wimpro-promove-seletivas-para-a-categoria-sub-20","status":"publish","type":"post","link":"https:\/\/www.federacaopaulistadefutsal.com.br\/novo\/ad-wimpro-promove-seletivas-para-a-categoria-sub-20\/","title":{"rendered":"AD Wimpro promove seletivas para a categoria sub-20"},"content":{"rendered":"<p>Na pr\u00f3xima semana, acontecem as seletivas da AD Wimpro para a categoria sub-20 (atletas nascidos nos anos de 1999 e 2000).<\/p>\n<p>Os testes ser\u00e3o realizados nos dias 6 e 7, no Gin\u00e1sio Fioravante Iervolino, em Guarulhos (Grande S\u00e3o Paulo), das 17h30 \u00e0s 19h. O Gin\u00e1sio Fioravante se localiza \u00e0 Avenida Aniello Patrici.<\/p>\n<p><img fetchpriority=\"high\" decoding=\"async\" class=\" wp-image-29029 aligncenter\" src=\"http:\/\/www.federacaopaulistadefutsal.com.br\/novo\/wp-content\/uploads\/2019\/04\/c7b40184-7732-407b-97c9-b206ca998d8f-e1556295917879.jpg\" alt=\"\" width=\"428\" height=\"365\" srcset=\"https:\/\/www.federacaopaulistadefutsal.com.br\/novo\/wp-content\/uploads\/2019\/04\/c7b40184-7732-407b-97c9-b206ca998d8f-e1556295917879.jpg 600w, https:\/\/www.federacaopaulistadefutsal.com.br\/novo\/wp-content\/uploads\/2019\/04\/c7b40184-7732-407b-97c9-b206ca998d8f-e1556295917879-300x256.jpg 300w\" sizes=\"(max-width: 428px) 100vw, 428px\" \/><\/p>\n","protected":false},"excerpt":{"rendered":"<p>Na pr\u00f3xima semana, acontecem as seletivas da AD Wimpro para a categoria sub-20 (atletas nascidos nos anos de 1999 e<\/p>\n","protected":false},"author":2,"featured_media":29032,"comment_status":"open","ping_status":"open","sticky":false,"template":"","format":"standard","meta":{"footnotes":""},"categories":[33,2651],"tags":[549,42,43,2621],"class_list":["post-29028","post","type-post","status-publish","format-standard","has-post-thumbnail","hentry","category-menores","category-noticias","tag-categoria-sub-20","tag-fpfs","tag-peneiras","tag-wimpro-menores"],"_links":{"self":[{"href":"https:\/\/www.federacaopaulistadefutsal.com.br\/novo\/wp-json\/wp\/v2\/posts\/29028","targetHints":{"allow":["GET"]}}],"collection":[{"href":"https:\/\/www.federacaopaulistadefutsal.com.br\/novo\/wp-json\/wp\/v2\/posts"}],"about":[{"href":"https:\/\/www.federacaopaulistadefutsal.com.br\/novo\/wp-json\/wp\/v2\/types\/post"}],"author":[{"embeddable":true,"href":"https:\/\/www.federacaopaulistadefutsal.com.br\/novo\/wp-json\/wp\/v2\/users\/2"}],"replies":[{"embeddable":true,"href":"https:\/\/www.federacaopaulistadefutsal.com.br\/novo\/wp-json\/wp\/v2\/comments?post=29028"}],"version-history":[{"count":2,"href":"https:\/\/www.federacaopaulistadefutsal.com.br\/novo\/wp-json\/wp\/v2\/posts\/29028\/revisions"}],"predecessor-version":[{"id":29033,"href":"https:\/\/www.federacaopaulistadefutsal.com.br\/novo\/wp-json\/wp\/v2\/posts\/29028\/revisions\/29033"}],"wp:featuredmedia":[{"embeddable":true,"href":"https:\/\/www.federacaopaulistadefutsal.com.br\/novo\/wp-json\/wp\/v2\/media\/29032"}],"wp:attachment":[{"href":"https:\/\/www.federacaopaulistadefutsal.com.br\/novo\/wp-json\/wp\/v2\/media?parent=29028"}],"wp:term":[{"taxonomy":"category","embeddable":true,"href":"https:\/\/www.federacaopaulistadefutsal.com.br\/novo\/wp-json\/wp\/v2\/categories?post=29028"},{"taxonomy":"post_tag","embeddable":true,"href":"https:\/\/www.federacaopaulistadefutsal.com.br\/novo\/wp-json\/wp\/v2\/tags?post=29028"}],"curies":[{"name":"wp","href":"https:\/\/api.w.org\/{rel}","templated":true}]}}