{"id":29034,"date":"2019-04-29T15:29:39","date_gmt":"2019-04-29T15:29:39","guid":{"rendered":"http:\/\/www.federacaopaulistadefutsal.com.br\/novo\/?p=29034"},"modified":"2019-04-29T19:09:42","modified_gmt":"2019-04-29T19:09:42","slug":"real-madruga-empata-fora-de-casa-mas-permanece-na-lideranca-do-grupo-c-no-campeonato-paulistapenalty","status":"publish","type":"post","link":"https:\/\/www.federacaopaulistadefutsal.com.br\/novo\/real-madruga-empata-fora-de-casa-mas-permanece-na-lideranca-do-grupo-c-no-campeonato-paulistapenalty\/","title":{"rendered":"Real Madruga empata fora de casa, mas permanece na lideran\u00e7a do Grupo C no Campeonato Paulista\/Penalty"},"content":{"rendered":"<p><span title=\"Editado\">Com o placar de 3 x 3 em jogo realizado na tarde do s\u00e1bado (27\/4), a equipe do Real Madruga entrou em quadra contra o Sert\u00e3ozinho fora de casa, pela segunda rodada do Paulista\/Penalty. O time de Ara\u00e7atuba teve dificuldades durante a partida, mas conseguiu o empate nos acr\u00e9scimos finais que mant\u00e9m o bom aproveitamento da equipe na competi\u00e7\u00e3o.<\/span><\/p>\n<p><span title=\"Editado\">Com os dois gols do estreante Heliel e um de Kletinho, O Real Madruga pontua e permanece na lideran\u00e7a do Grupo C com quatro pontos. Perguntado sobre a sensa\u00e7\u00e3o de ter feitos dois gols na sua estreia, Heliel comemorou o feito. \u201cFoi uma sensa\u00e7\u00e3o muito boa em estar vestindo a camisa do Madruga, sempre tive um sonho e hoje saio muito feliz com esses dois gols na minha estreia&#8221;, comentou o novo piv\u00f4.<br \/>\n<\/span><\/p>\n<p><span title=\"Editado\">O time do Real Madruga volta \u00e0 quadra no dia 18\/05, contra a equipe da A.D. Vaz, em Mar\u00edlia. <\/span><\/p>\n<p>Foto: <span title=\"Editado\">Gustavo Ribeiro<\/span><\/p>\n","protected":false},"excerpt":{"rendered":"<p>Com o placar de 3 x 3 em jogo realizado na tarde do s\u00e1bado (27\/4), a equipe do Real Madruga<\/p>\n","protected":false},"author":2,"featured_media":29035,"comment_status":"open","ping_status":"open","sticky":false,"template":"","format":"standard","meta":{"footnotes":""},"categories":[25,32,2651],"tags":[2705,2699,42,2694,2293],"class_list":["post-29034","post","type-post","status-publish","format-standard","has-post-thumbnail","hentry","category-destaques","category-maiores","category-noticias","tag-2705","tag-campeonato-paulista-de-futsalpenalty","tag-fpfs","tag-real-madruga","tag-sertaozinho-fc"],"_links":{"self":[{"href":"https:\/\/www.federacaopaulistadefutsal.com.br\/novo\/wp-json\/wp\/v2\/posts\/29034","targetHints":{"allow":["GET"]}}],"collection":[{"href":"https:\/\/www.federacaopaulistadefutsal.com.br\/novo\/wp-json\/wp\/v2\/posts"}],"about":[{"href":"https:\/\/www.federacaopaulistadefutsal.com.br\/novo\/wp-json\/wp\/v2\/types\/post"}],"author":[{"embeddable":true,"href":"https:\/\/www.federacaopaulistadefutsal.com.br\/novo\/wp-json\/wp\/v2\/users\/2"}],"replies":[{"embeddable":true,"href":"https:\/\/www.federacaopaulistadefutsal.com.br\/novo\/wp-json\/wp\/v2\/comments?post=29034"}],"version-history":[{"count":1,"href":"https:\/\/www.federacaopaulistadefutsal.com.br\/novo\/wp-json\/wp\/v2\/posts\/29034\/revisions"}],"predecessor-version":[{"id":29036,"href":"https:\/\/www.federacaopaulistadefutsal.com.br\/novo\/wp-json\/wp\/v2\/posts\/29034\/revisions\/29036"}],"wp:featuredmedia":[{"embeddable":true,"href":"https:\/\/www.federacaopaulistadefutsal.com.br\/novo\/wp-json\/wp\/v2\/media\/29035"}],"wp:attachment":[{"href":"https:\/\/www.federacaopaulistadefutsal.com.br\/novo\/wp-json\/wp\/v2\/media?parent=29034"}],"wp:term":[{"taxonomy":"category","embeddable":true,"href":"https:\/\/www.federacaopaulistadefutsal.com.br\/novo\/wp-json\/wp\/v2\/categories?post=29034"},{"taxonomy":"post_tag","embeddable":true,"href":"https:\/\/www.federacaopaulistadefutsal.com.br\/novo\/wp-json\/wp\/v2\/tags?post=29034"}],"curies":[{"name":"wp","href":"https:\/\/api.w.org\/{rel}","templated":true}]}}