{"id":29067,"date":"2019-05-02T12:51:28","date_gmt":"2019-05-02T12:51:28","guid":{"rendered":"http:\/\/www.federacaopaulistadefutsal.com.br\/novo\/?p=29067"},"modified":"2019-05-02T12:51:28","modified_gmt":"2019-05-02T12:51:28","slug":"sao-jose-futsal-vence-praia-grande-e-mantem-embalo-no-campeonato-paulistapenalty","status":"publish","type":"post","link":"https:\/\/www.federacaopaulistadefutsal.com.br\/novo\/sao-jose-futsal-vence-praia-grande-e-mantem-embalo-no-campeonato-paulistapenalty\/","title":{"rendered":"S\u00e3o Jos\u00e9 Futsal vence Praia Grande e mant\u00e9m embalo no Campeonato Paulista\/Penalty"},"content":{"rendered":"<p>O S\u00e3o Jos\u00e9 Futsal manteve a lideran\u00e7a do Grupo B do Campeonato Paulista\/Penalty ao derrotar o Praia Grande por 2 a 1 na noite da \u00faltima ter\u00e7a-feira (30\/4), no gin\u00e1sio Presidente Ciro II, em S\u00e3o Paulo. Os gols da \u00c1guia foram marcados por Pel\u00e9 e Don. O gol do Praia Grande foi marcado por Amilson.<\/p>\n<div class=\"mc-column content-text active-extra-styles \" data-block-type=\"unstyled\" data-block-weight=\"29\" data-block-id=\"4\">\n<p class=\"content-text__container \" data-track-category=\"Link no Texto\" data-track-links=\"\">Com 13 pontos em seis jogos, o S\u00e3o Jos\u00e9 Futsal est\u00e1 na lideran\u00e7a do Grupo B. O Praia Grande est\u00e1 em terceiro lugar, com quatro pontos em quatro jogos.<\/p>\n<\/div>\n<div data-track-category=\"multicontent\" data-track-action=\"ultimo chunk conteudo\" data-track-noninteraction=\"false\" data-track-scroll=\"view\">\n<div class=\"mc-column content-text active-extra-styles \" data-block-type=\"unstyled\" data-block-weight=\"20\" data-block-id=\"5\">\n<p class=\"content-text__container \" data-track-category=\"Link no Texto\" data-track-links=\"\">O pr\u00f3ximo confronto da equipe \u00e9 contra o Joinville, no T\u00eanis Clube, na sexta-feira, 03, \u00e0s 20:15h, pela Liga Nacional.<\/p>\n<p data-track-category=\"Link no Texto\" data-track-links=\"\">Foto: Brenno Domingues\/S\u00e3o Jos\u00e9 Futsal<\/p>\n<\/div>\n<\/div>\n","protected":false},"excerpt":{"rendered":"<p>O S\u00e3o Jos\u00e9 Futsal manteve a lideran\u00e7a do Grupo B do Campeonato Paulista\/Penalty ao derrotar o Praia Grande por 2<\/p>\n","protected":false},"author":2,"featured_media":29068,"comment_status":"open","ping_status":"open","sticky":false,"template":"","format":"standard","meta":{"footnotes":""},"categories":[25,2651],"tags":[2699,42,2201],"class_list":["post-29067","post","type-post","status-publish","format-standard","has-post-thumbnail","hentry","category-destaques","category-noticias","tag-campeonato-paulista-de-futsalpenalty","tag-fpfs","tag-sao-jose-futsal"],"_links":{"self":[{"href":"https:\/\/www.federacaopaulistadefutsal.com.br\/novo\/wp-json\/wp\/v2\/posts\/29067","targetHints":{"allow":["GET"]}}],"collection":[{"href":"https:\/\/www.federacaopaulistadefutsal.com.br\/novo\/wp-json\/wp\/v2\/posts"}],"about":[{"href":"https:\/\/www.federacaopaulistadefutsal.com.br\/novo\/wp-json\/wp\/v2\/types\/post"}],"author":[{"embeddable":true,"href":"https:\/\/www.federacaopaulistadefutsal.com.br\/novo\/wp-json\/wp\/v2\/users\/2"}],"replies":[{"embeddable":true,"href":"https:\/\/www.federacaopaulistadefutsal.com.br\/novo\/wp-json\/wp\/v2\/comments?post=29067"}],"version-history":[{"count":1,"href":"https:\/\/www.federacaopaulistadefutsal.com.br\/novo\/wp-json\/wp\/v2\/posts\/29067\/revisions"}],"predecessor-version":[{"id":29069,"href":"https:\/\/www.federacaopaulistadefutsal.com.br\/novo\/wp-json\/wp\/v2\/posts\/29067\/revisions\/29069"}],"wp:featuredmedia":[{"embeddable":true,"href":"https:\/\/www.federacaopaulistadefutsal.com.br\/novo\/wp-json\/wp\/v2\/media\/29068"}],"wp:attachment":[{"href":"https:\/\/www.federacaopaulistadefutsal.com.br\/novo\/wp-json\/wp\/v2\/media?parent=29067"}],"wp:term":[{"taxonomy":"category","embeddable":true,"href":"https:\/\/www.federacaopaulistadefutsal.com.br\/novo\/wp-json\/wp\/v2\/categories?post=29067"},{"taxonomy":"post_tag","embeddable":true,"href":"https:\/\/www.federacaopaulistadefutsal.com.br\/novo\/wp-json\/wp\/v2\/tags?post=29067"}],"curies":[{"name":"wp","href":"https:\/\/api.w.org\/{rel}","templated":true}]}}