{"id":29169,"date":"2019-05-10T19:56:31","date_gmt":"2019-05-10T19:56:31","guid":{"rendered":"http:\/\/www.federacaopaulistadefutsal.com.br\/novo\/?p=29169"},"modified":"2019-05-11T01:34:29","modified_gmt":"2019-05-11T01:34:29","slug":"onde-tudo-comecou-corridinha-para-debaixo-da-mesa","status":"publish","type":"post","link":"https:\/\/www.federacaopaulistadefutsal.com.br\/novo\/onde-tudo-comecou-corridinha-para-debaixo-da-mesa\/","title":{"rendered":"&#8220;Onde tudo come\u00e7ou&#8221;: corridinha para debaixo da mesa"},"content":{"rendered":"<p>Na s\u00e9rie &#8220;Onde tudo come\u00e7ou&#8221; desta sexta-feira, o personagem principal ser\u00e1 o ex-salonista F\u00e1bio Roquetti. Atualmente com 62 anos, e residindo na capital paulista, F\u00e1bio na \u00e9poca de jogador dividia seu tempo nas quadras com a de educador f\u00edsico. F\u00e1bio trabalha como taxista. Confira um pouco mais da hist\u00f3ria:<\/p>\n<p><strong>In\u00edcio<br \/>\n<\/strong>&#8220;Desde os nove anos j\u00e1 jogava futsal, disputava sal\u00e3o da crian\u00e7a, torneios do EPEDA na Mooca pelo SESI. Tamb\u00e9m<strong><br \/>\n<\/strong><\/p>\n<p>joguei futebol de campo (dente de leite da TV tupi ) e fui amador pelo Corinthians em 1975, mas minha prefer\u00eancia sempre foi o futsal&#8221;, comenta.<\/p>\n<p><strong>Clubes<\/strong><\/p>\n<p>Infanto juvenil &#8211; Corinthians: 1972<br \/>\nCategoria principal :<br \/>\n1978\/1979 &#8211; A.A. Portuguesa de Desportos<br \/>\n1980 &#8211; Circulo Militar<br \/>\n1981 \/1984 : S.E. Palmeiras<br \/>\n1985: AABB<br \/>\n1979\/1980-\u00a0 Sele\u00e7\u00e3o Paulista Universit\u00e1ria (FUPE)<br \/>\n1980\/1981 &#8211; Sele\u00e7\u00e3o Paulista Principal<\/p>\n<p><strong>T\u00edtulos<\/strong><\/p>\n<p>1979 &#8211; Vice-campe\u00e3o Metropolitano pela A. Portuguesa de Desportos e artilheiro com 49 gols e atleta revela\u00e7\u00e3o do ano, campe\u00e3o Brasileiro JUBS Para\u00edba com a Sele\u00e7\u00e3o Universit\u00e1ria Paulista<br \/>\n1981 &#8211; campe\u00e3o e artilheiro da Ta\u00e7a Continental com a S.E. Palmeiras;<br \/>\nCampe\u00e3o Sul-brasileiro de Sele\u00e7\u00f5es com a sele\u00e7\u00e3o paulista;<br \/>\nCampe\u00e3o Brasileiro de Sele\u00e7\u00f5es com Sele\u00e7\u00e3o Paulista.<\/p>\n<p><strong>1979 semifinal do JUBS entre Para\u00edba x S\u00e3o Paulo<\/strong><\/p>\n<p><img fetchpriority=\"high\" decoding=\"async\" class=\"alignleft wp-image-29178 size-medium\" src=\"http:\/\/www.federacaopaulistadefutsal.com.br\/novo\/wp-content\/uploads\/2019\/05\/WhatsApp-Image-2019-05-10-at-13.26.38-300x225.jpeg\" alt=\"\" width=\"300\" height=\"225\" srcset=\"https:\/\/www.federacaopaulistadefutsal.com.br\/novo\/wp-content\/uploads\/2019\/05\/WhatsApp-Image-2019-05-10-at-13.26.38-300x225.jpeg 300w, https:\/\/www.federacaopaulistadefutsal.com.br\/novo\/wp-content\/uploads\/2019\/05\/WhatsApp-Image-2019-05-10-at-13.26.38-768x576.jpeg 768w, https:\/\/www.federacaopaulistadefutsal.com.br\/novo\/wp-content\/uploads\/2019\/05\/WhatsApp-Image-2019-05-10-at-13.26.38.jpeg 1024w\" sizes=\"(max-width: 300px) 100vw, 300px\" \/><br \/>\n&#8220;Venc\u00edamos a prorroga\u00e7\u00e3o por 2 x 1, pedido de tempo, fomos informados que ao terminar o jogo dever\u00edamos correr para mesa do representante pois a pol\u00edcia faria um cerco para proteger jogadores paulistas e arbitragem. Fim do jogo, corri para a mesa e entrei debaixo dela, mas a pol\u00edcia n\u00e3o chegou , a briga foi geral e quando me dei conta da situa\u00e7\u00e3o, sa\u00ed debaixo da mesa. Z\u00e9 Ricardo na fuga ia entrando no vesti\u00e1rio do advers\u00e1rio, Carlinhos massagista teve o maxilar fraturado, mais de tr\u00eas horas para sair escoltado pela pol\u00edcia. Miral lembra bem minha fuga para debaixo da mesa. Mais um detalhe: Z\u00e9 Roberto fez uma defesa com cinco minutos de jogo e teve o punho fraturado, jogou at\u00e9 o. Rid\u00edcula minha fuga, engra\u00e7ada hoje, mas complicada no dia&#8221;, completa.<\/p>\n<p>&nbsp;<\/p>\n<p>&nbsp;<\/p>\n<div id='gallery-1' class='gallery galleryid-29169 gallery-columns-3 gallery-size-colormag-featured-image'><figure class='gallery-item'>\n\t\t\t<div class='gallery-icon landscape'>\n\t\t\t\t<a href='https:\/\/www.federacaopaulistadefutsal.com.br\/novo\/wp-content\/uploads\/2019\/05\/WhatsApp-Image-2019-05-10-at-13.24.10.jpeg'><img decoding=\"async\" width=\"800\" height=\"445\" src=\"https:\/\/www.federacaopaulistadefutsal.com.br\/novo\/wp-content\/uploads\/2019\/05\/WhatsApp-Image-2019-05-10-at-13.24.10-800x445.jpeg\" class=\"attachment-colormag-featured-image size-colormag-featured-image\" alt=\"\" \/><\/a>\n\t\t\t<\/div><\/figure><figure class='gallery-item'>\n\t\t\t<div class='gallery-icon portrait'>\n\t\t\t\t<a href='https:\/\/www.federacaopaulistadefutsal.com.br\/novo\/wp-content\/uploads\/2019\/05\/WhatsApp-Image-2019-05-10-at-13.21.25.jpeg'><img decoding=\"async\" width=\"258\" height=\"320\" src=\"https:\/\/www.federacaopaulistadefutsal.com.br\/novo\/wp-content\/uploads\/2019\/05\/WhatsApp-Image-2019-05-10-at-13.21.25.jpeg\" class=\"attachment-colormag-featured-image size-colormag-featured-image\" alt=\"\" srcset=\"https:\/\/www.federacaopaulistadefutsal.com.br\/novo\/wp-content\/uploads\/2019\/05\/WhatsApp-Image-2019-05-10-at-13.21.25.jpeg 258w, https:\/\/www.federacaopaulistadefutsal.com.br\/novo\/wp-content\/uploads\/2019\/05\/WhatsApp-Image-2019-05-10-at-13.21.25-242x300.jpeg 242w\" sizes=\"(max-width: 258px) 100vw, 258px\" \/><\/a>\n\t\t\t<\/div><\/figure><figure class='gallery-item'>\n\t\t\t<div class='gallery-icon landscape'>\n\t\t\t\t<a href='https:\/\/www.federacaopaulistadefutsal.com.br\/novo\/wp-content\/uploads\/2019\/05\/WhatsApp-Image-2019-05-10-at-13.21.51.jpeg'><img loading=\"lazy\" decoding=\"async\" width=\"320\" height=\"252\" src=\"https:\/\/www.federacaopaulistadefutsal.com.br\/novo\/wp-content\/uploads\/2019\/05\/WhatsApp-Image-2019-05-10-at-13.21.51.jpeg\" class=\"attachment-colormag-featured-image size-colormag-featured-image\" alt=\"\" srcset=\"https:\/\/www.federacaopaulistadefutsal.com.br\/novo\/wp-content\/uploads\/2019\/05\/WhatsApp-Image-2019-05-10-at-13.21.51.jpeg 320w, https:\/\/www.federacaopaulistadefutsal.com.br\/novo\/wp-content\/uploads\/2019\/05\/WhatsApp-Image-2019-05-10-at-13.21.51-300x236.jpeg 300w\" sizes=\"(max-width: 320px) 100vw, 320px\" \/><\/a>\n\t\t\t<\/div><\/figure><figure class='gallery-item'>\n\t\t\t<div class='gallery-icon landscape'>\n\t\t\t\t<a href='https:\/\/www.federacaopaulistadefutsal.com.br\/novo\/wp-content\/uploads\/2019\/05\/WhatsApp-Image-2019-05-10-at-13.26.37.jpeg'><img loading=\"lazy\" decoding=\"async\" width=\"800\" height=\"445\" src=\"https:\/\/www.federacaopaulistadefutsal.com.br\/novo\/wp-content\/uploads\/2019\/05\/WhatsApp-Image-2019-05-10-at-13.26.37-800x445.jpeg\" class=\"attachment-colormag-featured-image size-colormag-featured-image\" alt=\"\" \/><\/a>\n\t\t\t<\/div><\/figure><figure class='gallery-item'>\n\t\t\t<div class='gallery-icon landscape'>\n\t\t\t\t<a href='https:\/\/www.federacaopaulistadefutsal.com.br\/novo\/wp-content\/uploads\/2019\/05\/WhatsApp-Image-2019-05-10-at-13.26.371.jpeg'><img loading=\"lazy\" decoding=\"async\" width=\"800\" height=\"445\" src=\"https:\/\/www.federacaopaulistadefutsal.com.br\/novo\/wp-content\/uploads\/2019\/05\/WhatsApp-Image-2019-05-10-at-13.26.371-800x445.jpeg\" class=\"attachment-colormag-featured-image size-colormag-featured-image\" alt=\"\" \/><\/a>\n\t\t\t<\/div><\/figure><figure class='gallery-item'>\n\t\t\t<div class='gallery-icon landscape'>\n\t\t\t\t<a href='https:\/\/www.federacaopaulistadefutsal.com.br\/novo\/wp-content\/uploads\/2019\/05\/WhatsApp-Image-2019-05-10-at-13.26.381.jpeg'><img loading=\"lazy\" decoding=\"async\" width=\"800\" height=\"445\" src=\"https:\/\/www.federacaopaulistadefutsal.com.br\/novo\/wp-content\/uploads\/2019\/05\/WhatsApp-Image-2019-05-10-at-13.26.381-800x445.jpeg\" class=\"attachment-colormag-featured-image size-colormag-featured-image\" alt=\"\" \/><\/a>\n\t\t\t<\/div><\/figure><figure class='gallery-item'>\n\t\t\t<div class='gallery-icon landscape'>\n\t\t\t\t<a href='https:\/\/www.federacaopaulistadefutsal.com.br\/novo\/wp-content\/uploads\/2019\/05\/WhatsApp-Image-2019-05-10-at-13.26.38.jpeg'><img loading=\"lazy\" decoding=\"async\" width=\"800\" height=\"445\" src=\"https:\/\/www.federacaopaulistadefutsal.com.br\/novo\/wp-content\/uploads\/2019\/05\/WhatsApp-Image-2019-05-10-at-13.26.38-800x445.jpeg\" class=\"attachment-colormag-featured-image size-colormag-featured-image\" alt=\"\" \/><\/a>\n\t\t\t<\/div><\/figure>\n\t\t<\/div>\n\n","protected":false},"excerpt":{"rendered":"<p>Na s\u00e9rie &#8220;Onde tudo come\u00e7ou&#8221; desta sexta-feira, o personagem principal ser\u00e1 o ex-salonista F\u00e1bio Roquetti. Atualmente com 62 anos, e<\/p>\n","protected":false},"author":2,"featured_media":29176,"comment_status":"open","ping_status":"open","sticky":false,"template":"","format":"standard","meta":{"footnotes":""},"categories":[2660,25,2651,2692],"tags":[42,1130,2686],"class_list":["post-29169","post","type-post","status-publish","format-standard","has-post-thumbnail","hentry","category-home-destaque","category-destaques","category-noticias","category-onde-tudo-comecou","tag-fpfs","tag-futebol-de-salao","tag-onde-tudo-comecou"],"_links":{"self":[{"href":"https:\/\/www.federacaopaulistadefutsal.com.br\/novo\/wp-json\/wp\/v2\/posts\/29169","targetHints":{"allow":["GET"]}}],"collection":[{"href":"https:\/\/www.federacaopaulistadefutsal.com.br\/novo\/wp-json\/wp\/v2\/posts"}],"about":[{"href":"https:\/\/www.federacaopaulistadefutsal.com.br\/novo\/wp-json\/wp\/v2\/types\/post"}],"author":[{"embeddable":true,"href":"https:\/\/www.federacaopaulistadefutsal.com.br\/novo\/wp-json\/wp\/v2\/users\/2"}],"replies":[{"embeddable":true,"href":"https:\/\/www.federacaopaulistadefutsal.com.br\/novo\/wp-json\/wp\/v2\/comments?post=29169"}],"version-history":[{"count":6,"href":"https:\/\/www.federacaopaulistadefutsal.com.br\/novo\/wp-json\/wp\/v2\/posts\/29169\/revisions"}],"predecessor-version":[{"id":29188,"href":"https:\/\/www.federacaopaulistadefutsal.com.br\/novo\/wp-json\/wp\/v2\/posts\/29169\/revisions\/29188"}],"wp:featuredmedia":[{"embeddable":true,"href":"https:\/\/www.federacaopaulistadefutsal.com.br\/novo\/wp-json\/wp\/v2\/media\/29176"}],"wp:attachment":[{"href":"https:\/\/www.federacaopaulistadefutsal.com.br\/novo\/wp-json\/wp\/v2\/media?parent=29169"}],"wp:term":[{"taxonomy":"category","embeddable":true,"href":"https:\/\/www.federacaopaulistadefutsal.com.br\/novo\/wp-json\/wp\/v2\/categories?post=29169"},{"taxonomy":"post_tag","embeddable":true,"href":"https:\/\/www.federacaopaulistadefutsal.com.br\/novo\/wp-json\/wp\/v2\/tags?post=29169"}],"curies":[{"name":"wp","href":"https:\/\/api.w.org\/{rel}","templated":true}]}}