{"id":29189,"date":"2019-05-13T13:22:05","date_gmt":"2019-05-13T13:22:05","guid":{"rendered":"http:\/\/www.federacaopaulistadefutsal.com.br\/novo\/?p=29189"},"modified":"2019-05-13T13:22:05","modified_gmt":"2019-05-13T13:22:05","slug":"atual-campeao-corinthians-estreia-na-copa-do-brasil-de-futsal-contra-o-minas","status":"publish","type":"post","link":"https:\/\/www.federacaopaulistadefutsal.com.br\/novo\/atual-campeao-corinthians-estreia-na-copa-do-brasil-de-futsal-contra-o-minas\/","title":{"rendered":"Atual campe\u00e3o, Corinthians estreia na Copa do Brasil de Futsal contra o Minas"},"content":{"rendered":"<p>Nesta segunda-feira (13), o Corinthians estreia na Copa do Brasil de Futsal. Atual vencedor do torneio, o clube paulista recebe o Minas no Gin\u00e1sio Wlamir Marques, \u00e0s 20h15, pelo jogo da ida do torneio. A entrada para a torcida alvinegra ser\u00e1 gratuita.<\/p>\n<p>O Corinthians conquistou o torneio pela primeira vez em outubro do ano passado, ap\u00f3s vencer o Joinville fora de casa, por 4 a 1, e tamb\u00e9m no Wlamir Marques, por 3 a 0.<\/p>\n<p>O treinador do Tim\u00e3o, Andr\u00e9 Bi\u00e9, est\u00e1 com expectativas positivas para estrear no torneio com o p\u00e9 direito. &#8220;Estamos nos preparando de uma forma bem intensa, pois o jogo vai nos pedir isso. Vamos encontrar uma equipe muito disciplinada e organizada, e precisamos estar bem concentrados principalmente em suas bolas paradas&#8221;<\/p>\n<p>O treinador afirmou que o torcedor corinthiano ver\u00e1 uma equipe &#8220;bem competitiva e organizada em todas as competi\u00e7\u00f5es&#8221;. &#8220;Deixaremos nosso melhor dentro da quadra&#8221;, finalizou.<\/p>\n<p>N\u00e3o h\u00e1 saldo de gols e nem vantagem do empate na Copa do Brasil. Em caso de uma vit\u00f3ria para cada lado, haver\u00e1 prorroga\u00e7\u00f5es, com dois tempos de de cinco minutos. Se os dois jogos terminarem empatados, tamb\u00e9m ter\u00e1 uma prorroga\u00e7\u00e3o com dois tempos de cinco minutos. Caso o resultado n\u00e3o mude em nenhum dos casos, cada equipe bater\u00e1 tr\u00eas p\u00eanaltis para decidir quem ir\u00e1 para a pr\u00f3xima fase.<\/p>\n<p>A partida da volta acontecer\u00e1 na cidade de Tr\u00eas Cora\u00e7\u00f5es (MG), no dia 2 de julho.<\/p>\n<p>Informa\u00e7\u00f5es: depto. Comunica\u00e7\u00e3o Corinthians<br \/>\nFoto: Rodrigo Coca\/Ag\u00eancia Corinthians<\/p>\n","protected":false},"excerpt":{"rendered":"<p>Nesta segunda-feira (13), o Corinthians estreia na Copa do Brasil de Futsal. Atual vencedor do torneio, o clube paulista recebe<\/p>\n","protected":false},"author":2,"featured_media":29190,"comment_status":"open","ping_status":"open","sticky":false,"template":"","format":"standard","meta":{"footnotes":""},"categories":[32,2651],"tags":[563,709,42,2151],"class_list":["post-29189","post","type-post","status-publish","format-standard","has-post-thumbnail","hentry","category-maiores","category-noticias","tag-cbfs","tag-copa-do-brasil","tag-fpfs","tag-s-c-corinthians"],"_links":{"self":[{"href":"https:\/\/www.federacaopaulistadefutsal.com.br\/novo\/wp-json\/wp\/v2\/posts\/29189","targetHints":{"allow":["GET"]}}],"collection":[{"href":"https:\/\/www.federacaopaulistadefutsal.com.br\/novo\/wp-json\/wp\/v2\/posts"}],"about":[{"href":"https:\/\/www.federacaopaulistadefutsal.com.br\/novo\/wp-json\/wp\/v2\/types\/post"}],"author":[{"embeddable":true,"href":"https:\/\/www.federacaopaulistadefutsal.com.br\/novo\/wp-json\/wp\/v2\/users\/2"}],"replies":[{"embeddable":true,"href":"https:\/\/www.federacaopaulistadefutsal.com.br\/novo\/wp-json\/wp\/v2\/comments?post=29189"}],"version-history":[{"count":1,"href":"https:\/\/www.federacaopaulistadefutsal.com.br\/novo\/wp-json\/wp\/v2\/posts\/29189\/revisions"}],"predecessor-version":[{"id":29191,"href":"https:\/\/www.federacaopaulistadefutsal.com.br\/novo\/wp-json\/wp\/v2\/posts\/29189\/revisions\/29191"}],"wp:featuredmedia":[{"embeddable":true,"href":"https:\/\/www.federacaopaulistadefutsal.com.br\/novo\/wp-json\/wp\/v2\/media\/29190"}],"wp:attachment":[{"href":"https:\/\/www.federacaopaulistadefutsal.com.br\/novo\/wp-json\/wp\/v2\/media?parent=29189"}],"wp:term":[{"taxonomy":"category","embeddable":true,"href":"https:\/\/www.federacaopaulistadefutsal.com.br\/novo\/wp-json\/wp\/v2\/categories?post=29189"},{"taxonomy":"post_tag","embeddable":true,"href":"https:\/\/www.federacaopaulistadefutsal.com.br\/novo\/wp-json\/wp\/v2\/tags?post=29189"}],"curies":[{"name":"wp","href":"https:\/\/api.w.org\/{rel}","templated":true}]}}