{"id":29217,"date":"2019-05-14T21:30:38","date_gmt":"2019-05-14T21:30:38","guid":{"rendered":"http:\/\/www.federacaopaulistadefutsal.com.br\/novo\/?p=29217"},"modified":"2019-05-14T22:18:17","modified_gmt":"2019-05-14T22:18:17","slug":"federacao-paulista-de-futsal-recebe-de-milton-neves-gigantesco-acervo-do-fotografo-sarkis","status":"publish","type":"post","link":"https:\/\/www.federacaopaulistadefutsal.com.br\/novo\/federacao-paulista-de-futsal-recebe-de-milton-neves-gigantesco-acervo-do-fotografo-sarkis\/","title":{"rendered":"Federa\u00e7\u00e3o Paulista de Futsal recebe de Milton Neves gigantesco acervo do fot\u00f3grafo Sarkis"},"content":{"rendered":"<p>A\u00a0<strong>Federa\u00e7\u00e3o Paulista de Futsal<\/strong>\u00a0recebeu na \u00faltima segunda-feira (13), na sede do Terceiro Tempo, em S\u00e3o Paulo, o gigantesco acervo do fot\u00f3grafo\u00a0<strong>Dallakjan Sarkis<\/strong>, com aproximadamente\u00a0<strong>cinco mil fotos<\/strong>. A doa\u00e7\u00e3o foi realizada pelo jornalista\u00a0<strong>Milton Neves<\/strong>, que comprou o material diretamente com a fam\u00edlia do grande Sarkis, que morreu em janeiro de 2005.<\/p>\n<p>Al\u00e9m de ter fotografado grandes momentos do futebol de campo brasileiro, Sarkis era tamb\u00e9m figurinha carimbada nos eventos da ent\u00e3o Federa\u00e7\u00e3o Paulista de Futebol de Sal\u00e3o (hoje Federa\u00e7\u00e3o Paulista de Futsal) nos anos 70, 80 e 90. Ele registrava todas as categorias.<\/p>\n<p>Ele fotografou grandes nomes que j\u00e1 faziam sucesso no futsal, como Douglas Pierrotti, Ramon, Sorage, Miral, Jackson etc., e tamb\u00e9m tirou retratos de jovens talentos que mais tarde brilhariam no futebol de campo, como Casagrande, Jamelli, Z\u00e9 Elias, C\u00e9sar Sampaio, Sylvinho, Caio Ribeiro, Fernando Diniz, Juninho Paulista, Gilmar (zagueiro do SP), Serginho Fraldinha, Rubinho (goleiro), Thiago Motta, Denys, Martorelli, entre tantos outros.<\/p>\n<p>Representando a Federa\u00e7\u00e3o Paulista de Futsal, estiveram na sede do Terceiro Tempo o presidente Nilton Cifuentes Rom\u00e3o (Ramon) e o coordenador t\u00e9cnico Daniel Mutti. Retribuindo as fotos doadas, eles entregaram a Milton Neves uma carta de agradecimento e uma camisa da FPFS.<\/p>\n<p>&nbsp;<\/p>\n<div id='gallery-1' class='gallery galleryid-29217 gallery-columns-3 gallery-size-medium'><figure class='gallery-item'>\n\t\t\t<div class='gallery-icon portrait'>\n\t\t\t\t<a href='https:\/\/www.federacaopaulistadefutsal.com.br\/novo\/federacao-paulista-de-futsal-recebe-de-milton-neves-gigantesco-acervo-do-fotografo-sarkis\/1-4\/'><img fetchpriority=\"high\" decoding=\"async\" width=\"273\" height=\"300\" src=\"https:\/\/www.federacaopaulistadefutsal.com.br\/novo\/wp-content\/uploads\/2019\/05\/1-273x300.jpg\" class=\"attachment-medium size-medium\" alt=\"\" srcset=\"https:\/\/www.federacaopaulistadefutsal.com.br\/novo\/wp-content\/uploads\/2019\/05\/1-273x300.jpg 273w, https:\/\/www.federacaopaulistadefutsal.com.br\/novo\/wp-content\/uploads\/2019\/05\/1-768x844.jpg 768w, https:\/\/www.federacaopaulistadefutsal.com.br\/novo\/wp-content\/uploads\/2019\/05\/1.jpg 800w\" sizes=\"(max-width: 273px) 100vw, 273px\" \/><\/a>\n\t\t\t<\/div><\/figure><figure class='gallery-item'>\n\t\t\t<div class='gallery-icon landscape'>\n\t\t\t\t<a href='https:\/\/www.federacaopaulistadefutsal.com.br\/novo\/federacao-paulista-de-futsal-recebe-de-milton-neves-gigantesco-acervo-do-fotografo-sarkis\/2-6\/'><img decoding=\"async\" width=\"300\" height=\"134\" src=\"https:\/\/www.federacaopaulistadefutsal.com.br\/novo\/wp-content\/uploads\/2019\/05\/2-300x134.jpg\" class=\"attachment-medium size-medium\" alt=\"\" srcset=\"https:\/\/www.federacaopaulistadefutsal.com.br\/novo\/wp-content\/uploads\/2019\/05\/2-300x134.jpg 300w, https:\/\/www.federacaopaulistadefutsal.com.br\/novo\/wp-content\/uploads\/2019\/05\/2-768x344.jpg 768w, https:\/\/www.federacaopaulistadefutsal.com.br\/novo\/wp-content\/uploads\/2019\/05\/2.jpg 800w\" sizes=\"(max-width: 300px) 100vw, 300px\" \/><\/a>\n\t\t\t<\/div><\/figure><figure class='gallery-item'>\n\t\t\t<div class='gallery-icon landscape'>\n\t\t\t\t<a href='https:\/\/www.federacaopaulistadefutsal.com.br\/novo\/federacao-paulista-de-futsal-recebe-de-milton-neves-gigantesco-acervo-do-fotografo-sarkis\/3-2\/'><img decoding=\"async\" width=\"300\" height=\"229\" src=\"https:\/\/www.federacaopaulistadefutsal.com.br\/novo\/wp-content\/uploads\/2019\/05\/3-300x229.jpg\" class=\"attachment-medium size-medium\" alt=\"\" srcset=\"https:\/\/www.federacaopaulistadefutsal.com.br\/novo\/wp-content\/uploads\/2019\/05\/3-300x229.jpg 300w, https:\/\/www.federacaopaulistadefutsal.com.br\/novo\/wp-content\/uploads\/2019\/05\/3.jpg 600w\" sizes=\"(max-width: 300px) 100vw, 300px\" \/><\/a>\n\t\t\t<\/div><\/figure><figure class='gallery-item'>\n\t\t\t<div class='gallery-icon landscape'>\n\t\t\t\t<a href='https:\/\/www.federacaopaulistadefutsal.com.br\/novo\/federacao-paulista-de-futsal-recebe-de-milton-neves-gigantesco-acervo-do-fotografo-sarkis\/4-3\/'><img loading=\"lazy\" decoding=\"async\" width=\"300\" height=\"189\" src=\"https:\/\/www.federacaopaulistadefutsal.com.br\/novo\/wp-content\/uploads\/2019\/05\/4-300x189.jpg\" class=\"attachment-medium size-medium\" alt=\"\" srcset=\"https:\/\/www.federacaopaulistadefutsal.com.br\/novo\/wp-content\/uploads\/2019\/05\/4-300x189.jpg 300w, https:\/\/www.federacaopaulistadefutsal.com.br\/novo\/wp-content\/uploads\/2019\/05\/4-768x483.jpg 768w, https:\/\/www.federacaopaulistadefutsal.com.br\/novo\/wp-content\/uploads\/2019\/05\/4.jpg 800w\" sizes=\"(max-width: 300px) 100vw, 300px\" \/><\/a>\n\t\t\t<\/div><\/figure><figure class='gallery-item'>\n\t\t\t<div class='gallery-icon landscape'>\n\t\t\t\t<a href='https:\/\/www.federacaopaulistadefutsal.com.br\/novo\/federacao-paulista-de-futsal-recebe-de-milton-neves-gigantesco-acervo-do-fotografo-sarkis\/attachment\/5\/'><img loading=\"lazy\" decoding=\"async\" width=\"300\" height=\"164\" src=\"https:\/\/www.federacaopaulistadefutsal.com.br\/novo\/wp-content\/uploads\/2019\/05\/5-300x164.jpg\" class=\"attachment-medium size-medium\" alt=\"\" srcset=\"https:\/\/www.federacaopaulistadefutsal.com.br\/novo\/wp-content\/uploads\/2019\/05\/5-300x164.jpg 300w, https:\/\/www.federacaopaulistadefutsal.com.br\/novo\/wp-content\/uploads\/2019\/05\/5-768x420.jpg 768w, https:\/\/www.federacaopaulistadefutsal.com.br\/novo\/wp-content\/uploads\/2019\/05\/5.jpg 800w\" sizes=\"(max-width: 300px) 100vw, 300px\" \/><\/a>\n\t\t\t<\/div><\/figure><figure class='gallery-item'>\n\t\t\t<div class='gallery-icon landscape'>\n\t\t\t\t<a href='https:\/\/www.federacaopaulistadefutsal.com.br\/novo\/federacao-paulista-de-futsal-recebe-de-milton-neves-gigantesco-acervo-do-fotografo-sarkis\/attachment\/6\/'><img loading=\"lazy\" decoding=\"async\" width=\"300\" height=\"155\" src=\"https:\/\/www.federacaopaulistadefutsal.com.br\/novo\/wp-content\/uploads\/2019\/05\/6-300x155.jpg\" class=\"attachment-medium size-medium\" alt=\"\" srcset=\"https:\/\/www.federacaopaulistadefutsal.com.br\/novo\/wp-content\/uploads\/2019\/05\/6-300x155.jpg 300w, https:\/\/www.federacaopaulistadefutsal.com.br\/novo\/wp-content\/uploads\/2019\/05\/6-768x397.jpg 768w, https:\/\/www.federacaopaulistadefutsal.com.br\/novo\/wp-content\/uploads\/2019\/05\/6.jpg 800w\" sizes=\"(max-width: 300px) 100vw, 300px\" \/><\/a>\n\t\t\t<\/div><\/figure><figure class='gallery-item'>\n\t\t\t<div class='gallery-icon landscape'>\n\t\t\t\t<a href='https:\/\/www.federacaopaulistadefutsal.com.br\/novo\/federacao-paulista-de-futsal-recebe-de-milton-neves-gigantesco-acervo-do-fotografo-sarkis\/attachment\/7\/'><img loading=\"lazy\" decoding=\"async\" width=\"300\" height=\"154\" src=\"https:\/\/www.federacaopaulistadefutsal.com.br\/novo\/wp-content\/uploads\/2019\/05\/7-300x154.jpg\" class=\"attachment-medium size-medium\" alt=\"\" srcset=\"https:\/\/www.federacaopaulistadefutsal.com.br\/novo\/wp-content\/uploads\/2019\/05\/7-300x154.jpg 300w, https:\/\/www.federacaopaulistadefutsal.com.br\/novo\/wp-content\/uploads\/2019\/05\/7-768x395.jpg 768w, https:\/\/www.federacaopaulistadefutsal.com.br\/novo\/wp-content\/uploads\/2019\/05\/7.jpg 800w\" sizes=\"(max-width: 300px) 100vw, 300px\" \/><\/a>\n\t\t\t<\/div><\/figure><figure class='gallery-item'>\n\t\t\t<div class='gallery-icon landscape'>\n\t\t\t\t<a href='https:\/\/www.federacaopaulistadefutsal.com.br\/novo\/federacao-paulista-de-futsal-recebe-de-milton-neves-gigantesco-acervo-do-fotografo-sarkis\/8-3\/'><img loading=\"lazy\" decoding=\"async\" width=\"300\" height=\"202\" src=\"https:\/\/www.federacaopaulistadefutsal.com.br\/novo\/wp-content\/uploads\/2019\/05\/8-300x202.jpg\" class=\"attachment-medium size-medium\" alt=\"\" srcset=\"https:\/\/www.federacaopaulistadefutsal.com.br\/novo\/wp-content\/uploads\/2019\/05\/8-300x202.jpg 300w, https:\/\/www.federacaopaulistadefutsal.com.br\/novo\/wp-content\/uploads\/2019\/05\/8-768x516.jpg 768w, https:\/\/www.federacaopaulistadefutsal.com.br\/novo\/wp-content\/uploads\/2019\/05\/8.jpg 800w\" sizes=\"(max-width: 300px) 100vw, 300px\" \/><\/a>\n\t\t\t<\/div><\/figure>\n\t\t<\/div>\n\n","protected":false},"excerpt":{"rendered":"<p>A\u00a0Federa\u00e7\u00e3o Paulista de Futsal\u00a0recebeu na \u00faltima segunda-feira (13), na sede do Terceiro Tempo, em S\u00e3o Paulo, o gigantesco acervo do<\/p>\n","protected":false},"author":2,"featured_media":29218,"comment_status":"open","ping_status":"open","sticky":false,"template":"","format":"standard","meta":{"footnotes":""},"categories":[2660,25,32,2651,1],"tags":[],"class_list":["post-29217","post","type-post","status-publish","format-standard","has-post-thumbnail","hentry","category-home-destaque","category-destaques","category-maiores","category-noticias","category-novidades"],"_links":{"self":[{"href":"https:\/\/www.federacaopaulistadefutsal.com.br\/novo\/wp-json\/wp\/v2\/posts\/29217","targetHints":{"allow":["GET"]}}],"collection":[{"href":"https:\/\/www.federacaopaulistadefutsal.com.br\/novo\/wp-json\/wp\/v2\/posts"}],"about":[{"href":"https:\/\/www.federacaopaulistadefutsal.com.br\/novo\/wp-json\/wp\/v2\/types\/post"}],"author":[{"embeddable":true,"href":"https:\/\/www.federacaopaulistadefutsal.com.br\/novo\/wp-json\/wp\/v2\/users\/2"}],"replies":[{"embeddable":true,"href":"https:\/\/www.federacaopaulistadefutsal.com.br\/novo\/wp-json\/wp\/v2\/comments?post=29217"}],"version-history":[{"count":1,"href":"https:\/\/www.federacaopaulistadefutsal.com.br\/novo\/wp-json\/wp\/v2\/posts\/29217\/revisions"}],"predecessor-version":[{"id":29227,"href":"https:\/\/www.federacaopaulistadefutsal.com.br\/novo\/wp-json\/wp\/v2\/posts\/29217\/revisions\/29227"}],"wp:featuredmedia":[{"embeddable":true,"href":"https:\/\/www.federacaopaulistadefutsal.com.br\/novo\/wp-json\/wp\/v2\/media\/29218"}],"wp:attachment":[{"href":"https:\/\/www.federacaopaulistadefutsal.com.br\/novo\/wp-json\/wp\/v2\/media?parent=29217"}],"wp:term":[{"taxonomy":"category","embeddable":true,"href":"https:\/\/www.federacaopaulistadefutsal.com.br\/novo\/wp-json\/wp\/v2\/categories?post=29217"},{"taxonomy":"post_tag","embeddable":true,"href":"https:\/\/www.federacaopaulistadefutsal.com.br\/novo\/wp-json\/wp\/v2\/tags?post=29217"}],"curies":[{"name":"wp","href":"https:\/\/api.w.org\/{rel}","templated":true}]}}