{"id":29228,"date":"2019-05-14T22:04:58","date_gmt":"2019-05-14T22:04:58","guid":{"rendered":"http:\/\/www.federacaopaulistadefutsal.com.br\/novo\/?p=29228"},"modified":"2019-05-14T22:18:11","modified_gmt":"2019-05-14T22:18:11","slug":"em-visita-a-fpfs-vereador-toninho-paiva-recebe-homenagem-do-presidente-ramon","status":"publish","type":"post","link":"https:\/\/www.federacaopaulistadefutsal.com.br\/novo\/em-visita-a-fpfs-vereador-toninho-paiva-recebe-homenagem-do-presidente-ramon\/","title":{"rendered":"Em visita \u00e0 FPFS, vereador Toninho Paiva recebe homenagem do presidente Ramon"},"content":{"rendered":"<p>Na tarde desta ter\u00e7a-feira (14\/5), o presidente da FPFS, Nilton Cifuentes Rom\u00e3o (Ramon), recebeu o Vereador Toninho Paiva na sede da entidade paulista para homenage\u00e1-lo e lhe presentar com um trof\u00e9u devido a sua importante participa\u00e7\u00e3o na reinaugura\u00e7\u00e3o do gin\u00e1sio Presidente Ciro II, realizada no \u00faltimo dia 23 de mar\u00e7o.<\/p>\n<p>Aproveitando tamb\u00e9m a visita cortesia do Vereador, o presidente da entidade paulista o presenteou com uma camisa da sele\u00e7\u00e3o paulista e o n\u00famero de seu partido, 22.<\/p>\n<p>O Vereador\u00a0 levou ao presidente Ramon um quadro que representa o Dia do Futsal, que \u00e9 comemorado em 14 de junho e foi criado pela Lei n\u00ba 11902\/95 de autoria do Vereador Toninho Paiva.<\/p>\n<div id='gallery-1' class='gallery galleryid-29228 gallery-columns-2 gallery-size-large'><figure class='gallery-item'>\n\t\t\t<div class='gallery-icon landscape'>\n\t\t\t\t<a href='https:\/\/www.federacaopaulistadefutsal.com.br\/novo\/wp-content\/uploads\/2019\/05\/0000.jpg'><img fetchpriority=\"high\" decoding=\"async\" width=\"800\" height=\"534\" src=\"https:\/\/www.federacaopaulistadefutsal.com.br\/novo\/wp-content\/uploads\/2019\/05\/0000.jpg\" class=\"attachment-large size-large\" alt=\"\" srcset=\"https:\/\/www.federacaopaulistadefutsal.com.br\/novo\/wp-content\/uploads\/2019\/05\/0000.jpg 1000w, https:\/\/www.federacaopaulistadefutsal.com.br\/novo\/wp-content\/uploads\/2019\/05\/0000-300x200.jpg 300w, https:\/\/www.federacaopaulistadefutsal.com.br\/novo\/wp-content\/uploads\/2019\/05\/0000-768x512.jpg 768w\" sizes=\"(max-width: 800px) 100vw, 800px\" \/><\/a>\n\t\t\t<\/div><\/figure><figure class='gallery-item'>\n\t\t\t<div class='gallery-icon landscape'>\n\t\t\t\t<a href='https:\/\/www.federacaopaulistadefutsal.com.br\/novo\/wp-content\/uploads\/2019\/05\/8888.jpg'><img decoding=\"async\" width=\"800\" height=\"534\" src=\"https:\/\/www.federacaopaulistadefutsal.com.br\/novo\/wp-content\/uploads\/2019\/05\/8888.jpg\" class=\"attachment-large size-large\" alt=\"\" srcset=\"https:\/\/www.federacaopaulistadefutsal.com.br\/novo\/wp-content\/uploads\/2019\/05\/8888.jpg 1000w, https:\/\/www.federacaopaulistadefutsal.com.br\/novo\/wp-content\/uploads\/2019\/05\/8888-300x200.jpg 300w, https:\/\/www.federacaopaulistadefutsal.com.br\/novo\/wp-content\/uploads\/2019\/05\/8888-768x512.jpg 768w\" sizes=\"(max-width: 800px) 100vw, 800px\" \/><\/a>\n\t\t\t<\/div><\/figure><figure class='gallery-item'>\n\t\t\t<div class='gallery-icon portrait'>\n\t\t\t\t<a href='https:\/\/www.federacaopaulistadefutsal.com.br\/novo\/wp-content\/uploads\/2019\/05\/99999.jpg'><img decoding=\"async\" width=\"743\" height=\"1024\" src=\"https:\/\/www.federacaopaulistadefutsal.com.br\/novo\/wp-content\/uploads\/2019\/05\/99999-743x1024.jpg\" class=\"attachment-large size-large\" alt=\"\" srcset=\"https:\/\/www.federacaopaulistadefutsal.com.br\/novo\/wp-content\/uploads\/2019\/05\/99999-743x1024.jpg 743w, https:\/\/www.federacaopaulistadefutsal.com.br\/novo\/wp-content\/uploads\/2019\/05\/99999-218x300.jpg 218w, https:\/\/www.federacaopaulistadefutsal.com.br\/novo\/wp-content\/uploads\/2019\/05\/99999-768x1058.jpg 768w, https:\/\/www.federacaopaulistadefutsal.com.br\/novo\/wp-content\/uploads\/2019\/05\/99999.jpg 929w\" sizes=\"(max-width: 743px) 100vw, 743px\" \/><\/a>\n\t\t\t<\/div><\/figure>\n\t\t<\/div>\n\n<p>&nbsp;<\/p>\n","protected":false},"excerpt":{"rendered":"<p>Na tarde desta ter\u00e7a-feira (14\/5), o presidente da FPFS, Nilton Cifuentes Rom\u00e3o (Ramon), recebeu o Vereador Toninho Paiva na sede<\/p>\n","protected":false},"author":2,"featured_media":29229,"comment_status":"open","ping_status":"open","sticky":false,"template":"","format":"standard","meta":{"footnotes":""},"categories":[2660,25,2651],"tags":[42,1151,1269],"class_list":["post-29228","post","type-post","status-publish","format-standard","has-post-thumbnail","hentry","category-home-destaque","category-destaques","category-noticias","tag-fpfs","tag-futsal-paulista","tag-homenagem"],"_links":{"self":[{"href":"https:\/\/www.federacaopaulistadefutsal.com.br\/novo\/wp-json\/wp\/v2\/posts\/29228","targetHints":{"allow":["GET"]}}],"collection":[{"href":"https:\/\/www.federacaopaulistadefutsal.com.br\/novo\/wp-json\/wp\/v2\/posts"}],"about":[{"href":"https:\/\/www.federacaopaulistadefutsal.com.br\/novo\/wp-json\/wp\/v2\/types\/post"}],"author":[{"embeddable":true,"href":"https:\/\/www.federacaopaulistadefutsal.com.br\/novo\/wp-json\/wp\/v2\/users\/2"}],"replies":[{"embeddable":true,"href":"https:\/\/www.federacaopaulistadefutsal.com.br\/novo\/wp-json\/wp\/v2\/comments?post=29228"}],"version-history":[{"count":7,"href":"https:\/\/www.federacaopaulistadefutsal.com.br\/novo\/wp-json\/wp\/v2\/posts\/29228\/revisions"}],"predecessor-version":[{"id":29239,"href":"https:\/\/www.federacaopaulistadefutsal.com.br\/novo\/wp-json\/wp\/v2\/posts\/29228\/revisions\/29239"}],"wp:featuredmedia":[{"embeddable":true,"href":"https:\/\/www.federacaopaulistadefutsal.com.br\/novo\/wp-json\/wp\/v2\/media\/29229"}],"wp:attachment":[{"href":"https:\/\/www.federacaopaulistadefutsal.com.br\/novo\/wp-json\/wp\/v2\/media?parent=29228"}],"wp:term":[{"taxonomy":"category","embeddable":true,"href":"https:\/\/www.federacaopaulistadefutsal.com.br\/novo\/wp-json\/wp\/v2\/categories?post=29228"},{"taxonomy":"post_tag","embeddable":true,"href":"https:\/\/www.federacaopaulistadefutsal.com.br\/novo\/wp-json\/wp\/v2\/tags?post=29228"}],"curies":[{"name":"wp","href":"https:\/\/api.w.org\/{rel}","templated":true}]}}