{"id":2926,"date":"2014-12-04T19:46:57","date_gmt":"2014-12-04T19:46:57","guid":{"rendered":"http:\/\/www.federacaopaulistadefutsal.com.br\/?p=2926"},"modified":"2014-12-04T19:46:57","modified_gmt":"2014-12-04T19:46:57","slug":"final-metropolitano-a1-s-c-corinthians-x-g-r-barueri-sub-20","status":"publish","type":"post","link":"https:\/\/www.federacaopaulistadefutsal.com.br\/novo\/final-metropolitano-a1-s-c-corinthians-x-g-r-barueri-sub-20\/","title":{"rendered":"Final Metropolitano A1 : S.C. Corinthians x G.R. Barueri &#8211; Sub 20"},"content":{"rendered":"<p>Hoje o Parque S\u00e3o Jorge ser\u00e1 palco d\u00e1 grande final do Campeonato Metropolitano, divis\u00e3o A1, categoria Sub20. A partir das 19h30, Sport Club Corinthians encara o Gr\u00eamio Esportivo Barueri na busca do t\u00edtulo da competi\u00e7\u00e3o.<br \/>\nO primeiro jogo foi realizado nesta ter\u00e7a-feira, 02, no Gin\u00e1sio Parque dos Camargos, em Barueri. G. R. Barueri\u00a0 03 x 08 S. C. Corinthians Paulista.<br \/>\n<a href=\"http:\/\/www.federacaopaulistadefutsal.com.br\/wp-content\/uploads\/2014\/12\/Diretor_Ricardo_Denser_FPFS_Categoria_Sub20.jpg\"><img fetchpriority=\"high\" decoding=\"async\" class=\"alignleft wp-image-2929 size-medium\" src=\"http:\/\/www.federacaopaulistadefutsal.com.br\/wp-content\/uploads\/2014\/12\/Diretor_Ricardo_Denser_FPFS_Categoria_Sub20-300x274.jpg\" alt=\"Diretor_Ricardo_Denser_FPFS_Categoria_Sub20\" width=\"300\" height=\"274\" srcset=\"https:\/\/www.federacaopaulistadefutsal.com.br\/novo\/wp-content\/uploads\/2014\/12\/Diretor_Ricardo_Denser_FPFS_Categoria_Sub20-300x274.jpg 300w, https:\/\/www.federacaopaulistadefutsal.com.br\/novo\/wp-content\/uploads\/2014\/12\/Diretor_Ricardo_Denser_FPFS_Categoria_Sub20.jpg 582w\" sizes=\"(max-width: 300px) 100vw, 300px\" \/><\/a>Diretor do Departamento T\u00e9cnico, respons\u00e1vel pela categoria Sub -20, Ricardo Denser, parabeniza as equipes e profissionais, pela excelente campanha no Estadual e Metropolitano 2014. Comenta tamb\u00e9m da convoca\u00e7\u00e3o de atletas do futsal paulista ao Sul-Americano Sub 20, que ser\u00e1 realizado entre os dias 15\/12 \u00e0 21\/12, em Aracaju (SE).<br \/>\n\u201c<em>Em nome do Departamento T\u00e9cnico da FPFS, parabenizo as equipes da categoria Sub -20 por este ano. Tivemos v\u00e1rios destaques durante as competi\u00e7\u00f5es do Estadual e Metropolitano, alguns atletas foram convocados para defender a sele\u00e7\u00e3o brasileira no Sul-Americano Sub-20, isto demonstra todo o trabalho realizado por todos os profissionais envolvido na categoria. Agrade\u00e7o pelo apoio deste ano, e contaremos com todos em 2015<\/em>\u201d.<br \/>\n__________________________________________________________<br \/>\n<a href=\"http:\/\/www.federacaopaulistadefutsal.com.br\/wp-content\/uploads\/2014\/12\/CORINTHIANS.png\"><img decoding=\"async\" class=\"alignleft size-thumbnail wp-image-2930\" src=\"http:\/\/www.federacaopaulistadefutsal.com.br\/wp-content\/uploads\/2014\/12\/CORINTHIANS-150x150.png\" alt=\"CORINTHIANS\" width=\"150\" height=\"150\" srcset=\"https:\/\/www.federacaopaulistadefutsal.com.br\/novo\/wp-content\/uploads\/2014\/12\/CORINTHIANS-150x150.png 150w, https:\/\/www.federacaopaulistadefutsal.com.br\/novo\/wp-content\/uploads\/2014\/12\/CORINTHIANS-300x300.png 300w, https:\/\/www.federacaopaulistadefutsal.com.br\/novo\/wp-content\/uploads\/2014\/12\/CORINTHIANS-768x768.png 768w, https:\/\/www.federacaopaulistadefutsal.com.br\/novo\/wp-content\/uploads\/2014\/12\/CORINTHIANS.png 1000w\" sizes=\"(max-width: 150px) 100vw, 150px\" \/><\/a><strong>Campanha\u00a0<\/strong><br \/>\n11 Jogos<br \/>\n31 Pontos<br \/>\n10 Vit\u00f3rias<br \/>\n00 Derrotas<br \/>\n64 Gols Pr\u00f3<br \/>\n20 Gols Contra<br \/>\n__________________________________________________________<br \/>\n<a href=\"http:\/\/www.federacaopaulistadefutsal.com.br\/wp-content\/uploads\/2014\/12\/BARUERI.png\"><img decoding=\"async\" class=\"alignleft size-thumbnail wp-image-2931\" src=\"http:\/\/www.federacaopaulistadefutsal.com.br\/wp-content\/uploads\/2014\/12\/BARUERI-150x150.png\" alt=\"BARUERI\" width=\"150\" height=\"150\" srcset=\"https:\/\/www.federacaopaulistadefutsal.com.br\/novo\/wp-content\/uploads\/2014\/12\/BARUERI-150x150.png 150w, https:\/\/www.federacaopaulistadefutsal.com.br\/novo\/wp-content\/uploads\/2014\/12\/BARUERI-300x300.png 300w, https:\/\/www.federacaopaulistadefutsal.com.br\/novo\/wp-content\/uploads\/2014\/12\/BARUERI-768x768.png 768w, https:\/\/www.federacaopaulistadefutsal.com.br\/novo\/wp-content\/uploads\/2014\/12\/BARUERI.png 1000w\" sizes=\"(max-width: 150px) 100vw, 150px\" \/><\/a><strong>Campanha<\/strong><br \/>\n11 Jogos<br \/>\n28 Pontos<br \/>\n09 Vit\u00f3rias<br \/>\n01 Derrotas<br \/>\n51 Gols Pr\u00f3<br \/>\n28 Gols Contra<br \/>\n__________________________________________________________<br \/>\n<strong>Artilharia | Metropolitano A1 <\/strong><\/p>\n<table id=\"mainTable\" cellspacing=\"0\" cellpadding=\"0\">\n<tbody>\n<tr>\n<td class=\"gridLista\" align=\"center\"><span class=\"textoMedioAzul\">1\u00ba<\/span><\/td>\n<td class=\"gridListaLeft\" align=\"left\"><span class=\"textoMedioVerde\"><b>MARCEL DE MENDON\u00c7A MARQUES<\/b><\/span><\/td>\n<td class=\"gridListaLeft\" align=\"left\"><span class=\"textoMedioCinza\">S.C. CORINTHIANS PAULISTA<\/span><\/td>\n<td class=\"gridListaLeft\" align=\"center\"><span class=\"textoMedioCinza\">9<\/span><\/td>\n<\/tr>\n<tr>\n<td class=\"gridLista\" align=\"center\"><span class=\"textoMedioAzul\">2\u00ba<\/span><\/td>\n<td class=\"gridListaLeft\" align=\"left\"><span class=\"textoMedioVerde\"><b>WAGNER APARECIDO DE OLIVEIRA JUNIOR<\/b><\/span><\/td>\n<td class=\"gridListaLeft\" align=\"left\"><span class=\"textoMedioCinza\">G.R. BARUERI<\/span><\/td>\n<td class=\"gridListaLeft\" align=\"center\"><span class=\"textoMedioCinza\">9<\/span><\/td>\n<\/tr>\n<tr>\n<td class=\"gridLista\" align=\"center\"><span class=\"textoMedioAzul\">3\u00ba<\/span><\/td>\n<td class=\"gridListaLeft\" align=\"left\"><span class=\"textoMedioVerde\"><b>ANDERSON PIRES DE CASTRO CARMO<\/b><\/span><\/td>\n<td class=\"gridListaLeft\" align=\"left\"><span class=\"textoMedioCinza\">C. S\u00c3O JO\u00c3O<\/span><\/td>\n<td class=\"gridListaLeft\" align=\"center\"><span class=\"textoMedioCinza\">9<\/span><\/td>\n<\/tr>\n<tr>\n<td class=\"gridLista\" align=\"center\"><span class=\"textoMedioAzul\">4\u00ba<\/span><\/td>\n<td class=\"gridListaLeft\" align=\"left\"><span class=\"textoMedioVerde\"><b>MATHEUS RODRIGUES CEZAR DA SILVA<\/b><\/span><\/td>\n<td class=\"gridListaLeft\" align=\"left\"><span class=\"textoMedioCinza\">G.E. MOGIANO<\/span><\/td>\n<td class=\"gridListaLeft\" align=\"center\"><span class=\"textoMedioCinza\">9<\/span><\/td>\n<\/tr>\n<tr>\n<td class=\"gridLista\" align=\"center\"><span class=\"textoMedioAzul\">5\u00ba<\/span><\/td>\n<td class=\"gridListaLeft\" align=\"left\"><span class=\"textoMedioVerde\"><b>TERRY PRESTJORD<\/b><\/span><\/td>\n<td class=\"gridListaLeft\" align=\"left\"><span class=\"textoMedioCinza\">G.R. BARUERI<\/span><\/td>\n<td class=\"gridListaLeft\" align=\"center\"><span class=\"textoMedioCinza\">8<\/span><\/td>\n<\/tr>\n<tr>\n<td class=\"gridLista\" align=\"center\"><span class=\"textoMedioAzul\">6\u00ba<\/span><\/td>\n<td class=\"gridListaLeft\" align=\"left\"><span class=\"textoMedioVerde\"><b>DANILO DE ALMEIDA ROCHA<\/b><\/span><\/td>\n<td class=\"gridListaLeft\" align=\"left\"><span class=\"textoMedioCinza\">A. BEIJU<\/span><\/td>\n<td class=\"gridListaLeft\" align=\"center\"><span class=\"textoMedioCinza\">8<\/span><\/td>\n<\/tr>\n<tr>\n<td class=\"gridLista\" align=\"center\"><span class=\"textoMedioAzul\">7\u00ba<\/span><\/td>\n<td class=\"gridListaLeft\" align=\"left\"><span class=\"textoMedioVerde\"><b>JONHN LENNON FELINTO SILVA<\/b><\/span><\/td>\n<td class=\"gridListaLeft\" align=\"left\"><span class=\"textoMedioCinza\">C.S.S. II EX\u00c9RCITO<\/span><\/td>\n<td class=\"gridListaLeft\" align=\"center\"><span class=\"textoMedioCinza\">8<\/span><\/td>\n<\/tr>\n<tr>\n<td class=\"gridLista\" align=\"center\"><span class=\"textoMedioAzul\">8\u00ba<\/span><\/td>\n<td class=\"gridListaLeft\" align=\"left\"><span class=\"textoMedioVerde\"><b>GABRIEL PENEZIO MARTINS<\/b><\/span><\/td>\n<td class=\"gridListaLeft\" align=\"left\"><span class=\"textoMedioCinza\">S.C. CORINTHIANS PAULISTA<\/span><\/td>\n<td class=\"gridListaLeft\" align=\"center\"><span class=\"textoMedioCinza\">8<\/span><\/td>\n<\/tr>\n<tr>\n<td class=\"gridLista\" align=\"center\"><span class=\"textoMedioAzul\">9\u00ba<\/span><\/td>\n<td class=\"gridListaLeft\" align=\"left\"><span class=\"textoMedioVerde\"><b>ERIVALDO TAVARES DA SILVA<\/b><\/span><\/td>\n<td class=\"gridListaLeft\" align=\"left\"><span class=\"textoMedioCinza\">G.E. MOGIANO<\/span><\/td>\n<td class=\"gridListaLeft\" align=\"center\"><span class=\"textoMedioCinza\">7<\/span><\/td>\n<\/tr>\n<tr>\n<td class=\"gridLista\" align=\"center\"><span class=\"textoMedioAzul\">10\u00ba<\/span><\/td>\n<td class=\"gridListaLeft\" align=\"left\"><span class=\"textoMedioVerde\"><b>RAUL DA SILVA<\/b><\/span><\/td>\n<td class=\"gridListaLeft\" align=\"left\"><span class=\"textoMedioCinza\">C.S.S. II EX\u00c9RCITO<\/span><\/td>\n<td class=\"gridListaLeft\" align=\"center\"><span class=\"textoMedioCinza\">7<\/span><\/td>\n<\/tr>\n<\/tbody>\n<\/table>\n<p>&nbsp;<\/p>\n<table id=\"mainTable\" cellspacing=\"0\" cellpadding=\"0\">\n<tbody>\n<tr>\n<td class=\"gridLista\" align=\"center\"><span class=\"textoMedioAzul\">11\u00ba<\/span><\/td>\n<td class=\"gridListaLeft\" align=\"left\"><span class=\"textoMedioVerde\"><b>CAIQUE OLIVEIRA DA SILVA<\/b><\/span><\/td>\n<td class=\"gridListaLeft\" align=\"left\"><span class=\"textoMedioCinza\">G.E. MOGIANO<\/span><\/td>\n<td class=\"gridListaLeft\" align=\"center\"><span class=\"textoMedioCinza\">6<\/span><\/td>\n<\/tr>\n<tr>\n<td class=\"gridLista\" align=\"center\"><span class=\"textoMedioAzul\">12\u00ba<\/span><\/td>\n<td class=\"gridListaLeft\" align=\"left\"><span class=\"textoMedioVerde\"><b>GUILHERME RICARDO DA SILVA PEREIRA<\/b><\/span><\/td>\n<td class=\"gridListaLeft\" align=\"left\"><span class=\"textoMedioCinza\">SANTOS F.C.<\/span><\/td>\n<td class=\"gridListaLeft\" align=\"center\"><span class=\"textoMedioCinza\">6<\/span><\/td>\n<\/tr>\n<tr>\n<td class=\"gridLista\" align=\"center\"><span class=\"textoMedioAzul\">13\u00ba<\/span><\/td>\n<td class=\"gridListaLeft\" align=\"left\"><span class=\"textoMedioVerde\"><b>MATHEUS TRINDADE<\/b><\/span><\/td>\n<td class=\"gridListaLeft\" align=\"left\"><span class=\"textoMedioCinza\">SANTOS F.C.<\/span><\/td>\n<td class=\"gridListaLeft\" align=\"center\"><span class=\"textoMedioCinza\">6<\/span><\/td>\n<\/tr>\n<tr>\n<td class=\"gridLista\" align=\"center\"><span class=\"textoMedioAzul\">14\u00ba<\/span><\/td>\n<td class=\"gridListaLeft\" align=\"left\"><span class=\"textoMedioVerde\"><b>VINICIUS NUNES ROCHA<\/b><\/span><\/td>\n<td class=\"gridListaLeft\" align=\"left\"><span class=\"textoMedioCinza\">S.C. CORINTHIANS PAULISTA<\/span><\/td>\n<td class=\"gridListaLeft\" align=\"center\"><span class=\"textoMedioCinza\">6<\/span><\/td>\n<\/tr>\n<tr>\n<td class=\"gridLista\" align=\"center\"><span class=\"textoMedioAzul\">15\u00ba<\/span><\/td>\n<td class=\"gridListaLeft\" align=\"left\"><span class=\"textoMedioVerde\"><b>MISAEL GON\u00c7ALVES<\/b><\/span><\/td>\n<td class=\"gridListaLeft\" align=\"left\"><span class=\"textoMedioCinza\">S.C. CORINTHIANS PAULISTA<\/span><\/td>\n<td class=\"gridListaLeft\" align=\"center\"><span class=\"textoMedioCinza\">6<\/span><\/td>\n<\/tr>\n<tr>\n<td class=\"gridLista\" align=\"center\"><span class=\"textoMedioAzul\">16\u00ba<\/span><\/td>\n<td class=\"gridListaLeft\" align=\"left\"><span class=\"textoMedioVerde\"><b>CLAUDIO ROBERTO DE OLIVEIRA JUNIOR<\/b><\/span><\/td>\n<td class=\"gridListaLeft\" align=\"left\"><span class=\"textoMedioCinza\">G.R. BARUERI<\/span><\/td>\n<td class=\"gridListaLeft\" align=\"center\"><span class=\"textoMedioCinza\">6<\/span><\/td>\n<\/tr>\n<tr>\n<td class=\"gridLista\" align=\"center\"><span class=\"textoMedioAzul\">17\u00ba<\/span><\/td>\n<td class=\"gridListaLeft\" align=\"left\"><span class=\"textoMedioVerde\"><b>CRISTIANO DA SILVA OLIVEIRA<\/b><\/span><\/td>\n<td class=\"gridListaLeft\" align=\"left\"><span class=\"textoMedioCinza\">A. MULT FOR\u00c7A GUARULHOS<\/span><\/td>\n<td class=\"gridListaLeft\" align=\"center\"><span class=\"textoMedioCinza\">6<\/span><\/td>\n<\/tr>\n<tr>\n<td class=\"gridLista\" align=\"center\"><span class=\"textoMedioAzul\">18\u00ba<\/span><\/td>\n<td class=\"gridListaLeft\" align=\"left\"><span class=\"textoMedioVerde\"><b>IGOR FERNANDO DOS SANTOS<\/b><\/span><\/td>\n<td class=\"gridListaLeft\" align=\"left\"><span class=\"textoMedioCinza\">G.R. BARUERI<\/span><\/td>\n<td class=\"gridListaLeft\" align=\"center\"><span class=\"textoMedioCinza\">6<\/span><\/td>\n<\/tr>\n<tr>\n<td class=\"gridLista\" align=\"center\"><span class=\"textoMedioAzul\">19\u00ba<\/span><\/td>\n<td class=\"gridListaLeft\" align=\"left\"><span class=\"textoMedioVerde\"><b>ARTHUR GUILHERME DE SOUSA FORTUNATO<\/b><\/span><\/td>\n<td class=\"gridListaLeft\" align=\"left\"><span class=\"textoMedioCinza\">S.C. CORINTHIANS PAULISTA<\/span><\/td>\n<td class=\"gridListaLeft\" align=\"center\"><span class=\"textoMedioCinza\">6<\/span><\/td>\n<\/tr>\n<tr>\n<td class=\"gridLista\" align=\"center\"><span class=\"textoMedioAzul\">20\u00ba<\/span><\/td>\n<td class=\"gridListaLeft\" align=\"left\"><span class=\"textoMedioVerde\"><b>JOS\u00c9 EDUARDO DE MOURA<\/b><\/span><\/td>\n<td class=\"gridListaLeft\" align=\"left\"><span class=\"textoMedioCinza\">G.R. BARUERI<\/span><\/td>\n<td class=\"gridListaLeft\" align=\"center\"><span class=\"textoMedioCinza\">5<\/span><\/td>\n<\/tr>\n<\/tbody>\n<\/table>\n<p>Por Assessoria FPFS<\/p>\n","protected":false},"excerpt":{"rendered":"<p>Hoje o Parque S\u00e3o Jorge ser\u00e1 palco d\u00e1 grande final do Campeonato Metropolitano, divis\u00e3o A1, categoria Sub20. A partir das<\/p>\n","protected":false},"author":1,"featured_media":2927,"comment_status":"open","ping_status":"open","sticky":false,"template":"","format":"standard","meta":{"footnotes":""},"categories":[25,32,13],"tags":[806,1071,1158,1650,2119,2153,2363],"class_list":["post-2926","post","type-post","status-publish","format-standard","has-post-thumbnail","hentry","category-destaques","category-maiores","category-metropolitano-sub-20","tag-departamento-tecnico-fpfs","tag-final","tag-g-r-barueri","tag-metropolitano","tag-ricardo-denser","tag-s-c-corinthians-paulista","tag-sul-americano-sub-20"],"_links":{"self":[{"href":"https:\/\/www.federacaopaulistadefutsal.com.br\/novo\/wp-json\/wp\/v2\/posts\/2926","targetHints":{"allow":["GET"]}}],"collection":[{"href":"https:\/\/www.federacaopaulistadefutsal.com.br\/novo\/wp-json\/wp\/v2\/posts"}],"about":[{"href":"https:\/\/www.federacaopaulistadefutsal.com.br\/novo\/wp-json\/wp\/v2\/types\/post"}],"author":[{"embeddable":true,"href":"https:\/\/www.federacaopaulistadefutsal.com.br\/novo\/wp-json\/wp\/v2\/users\/1"}],"replies":[{"embeddable":true,"href":"https:\/\/www.federacaopaulistadefutsal.com.br\/novo\/wp-json\/wp\/v2\/comments?post=2926"}],"version-history":[{"count":0,"href":"https:\/\/www.federacaopaulistadefutsal.com.br\/novo\/wp-json\/wp\/v2\/posts\/2926\/revisions"}],"wp:featuredmedia":[{"embeddable":true,"href":"https:\/\/www.federacaopaulistadefutsal.com.br\/novo\/wp-json\/wp\/v2\/media\/2927"}],"wp:attachment":[{"href":"https:\/\/www.federacaopaulistadefutsal.com.br\/novo\/wp-json\/wp\/v2\/media?parent=2926"}],"wp:term":[{"taxonomy":"category","embeddable":true,"href":"https:\/\/www.federacaopaulistadefutsal.com.br\/novo\/wp-json\/wp\/v2\/categories?post=2926"},{"taxonomy":"post_tag","embeddable":true,"href":"https:\/\/www.federacaopaulistadefutsal.com.br\/novo\/wp-json\/wp\/v2\/tags?post=2926"}],"curies":[{"name":"wp","href":"https:\/\/api.w.org\/{rel}","templated":true}]}}