{"id":29270,"date":"2019-05-17T13:24:34","date_gmt":"2019-05-17T13:24:34","guid":{"rendered":"http:\/\/www.federacaopaulistadefutsal.com.br\/novo\/?p=29270"},"modified":"2019-05-17T19:34:23","modified_gmt":"2019-05-17T19:34:23","slug":"real-madruga-apresenta-novo-uniforme","status":"publish","type":"post","link":"https:\/\/www.federacaopaulistadefutsal.com.br\/novo\/real-madruga-apresenta-novo-uniforme\/","title":{"rendered":"Real Madruga apresenta novo uniforme"},"content":{"rendered":"<div class=\"elemento elemento-texto\">\n<p>O Real Madruga apresentou em evento na manh\u00e3 de quinta-feira (16\/5), a nova camisa do time de futsal.<\/p>\n<p>A cerim\u00f4nia tamb\u00e9m marcou a assinatura do contrato da parceria com novo patrocinador, que teve in\u00edcio em abril e ser\u00e1 v\u00e1lido por uma temporada. Ainda durante o evento, foi anunciado o apoio da Santa Casa Sa\u00fade ao time, com o fornecimento de plano de sa\u00fade a todos os atletas.<\/p>\n<p>O presidente da Samar, Paulo Roberto de Oliveira, informou que esse \u00e9 o primeiro investimento formalizado pela empresa na \u00e1rea do esporte.<\/p>\n<p>Ele n\u00e3o falou de valores, mas explicou que o apoio financeiro tem como objetivo oferecer estrutura ao time, seja nas viagens, para ter acomoda\u00e7\u00f5es, desenvolver os uniformes, entre outras coisas. &#8220;Nosso patroc\u00ednio visa estruturar o time para que ele tenha condi\u00e7\u00f5es de disputar os campeonatos&#8221;, explicou.<\/p>\n<p>Oliveira adiantou que apesar de ser a primeira vez que a Samar apoia uma equipe esportiva e o contrato ser de um ano, a inten\u00e7\u00e3o \u00e9 seguir apoiando o Real Madruga, ano a ano, de acordo com necessidade e o crescimento do time.<\/p>\n<p>Ainda segundo ele, a trajet\u00f3ria do time, que come\u00e7ou pequeno, sem grandes apoios e em quatro anos j\u00e1 conseguiu se destacar, sendo campe\u00e3o paulista, foi o que motivou a parceria.<\/p>\n<p>Atual campe\u00e3o do Estadual Principal, o Real Madruga tem 20 atletas atualmente e disputa o Paulista\/Penalty Principal. O time, que est\u00e1 na lideran\u00e7a do grupo C, volta a quadra no s\u00e1bado (18\/5) contra a A.D. Vaz.<\/p>\n<p>Foto: L\u00e1zaro Jr.<\/p>\n<\/div>\n","protected":false},"excerpt":{"rendered":"<p>O Real Madruga apresentou em evento na manh\u00e3 de quinta-feira (16\/5), a nova camisa do time de futsal. A cerim\u00f4nia<\/p>\n","protected":false},"author":2,"featured_media":29271,"comment_status":"open","ping_status":"open","sticky":false,"template":"","format":"standard","meta":{"footnotes":""},"categories":[2660,25,32,2651],"tags":[2699,42,2694],"class_list":["post-29270","post","type-post","status-publish","format-standard","has-post-thumbnail","hentry","category-home-destaque","category-destaques","category-maiores","category-noticias","tag-campeonato-paulista-de-futsalpenalty","tag-fpfs","tag-real-madruga"],"_links":{"self":[{"href":"https:\/\/www.federacaopaulistadefutsal.com.br\/novo\/wp-json\/wp\/v2\/posts\/29270","targetHints":{"allow":["GET"]}}],"collection":[{"href":"https:\/\/www.federacaopaulistadefutsal.com.br\/novo\/wp-json\/wp\/v2\/posts"}],"about":[{"href":"https:\/\/www.federacaopaulistadefutsal.com.br\/novo\/wp-json\/wp\/v2\/types\/post"}],"author":[{"embeddable":true,"href":"https:\/\/www.federacaopaulistadefutsal.com.br\/novo\/wp-json\/wp\/v2\/users\/2"}],"replies":[{"embeddable":true,"href":"https:\/\/www.federacaopaulistadefutsal.com.br\/novo\/wp-json\/wp\/v2\/comments?post=29270"}],"version-history":[{"count":1,"href":"https:\/\/www.federacaopaulistadefutsal.com.br\/novo\/wp-json\/wp\/v2\/posts\/29270\/revisions"}],"predecessor-version":[{"id":29272,"href":"https:\/\/www.federacaopaulistadefutsal.com.br\/novo\/wp-json\/wp\/v2\/posts\/29270\/revisions\/29272"}],"wp:featuredmedia":[{"embeddable":true,"href":"https:\/\/www.federacaopaulistadefutsal.com.br\/novo\/wp-json\/wp\/v2\/media\/29271"}],"wp:attachment":[{"href":"https:\/\/www.federacaopaulistadefutsal.com.br\/novo\/wp-json\/wp\/v2\/media?parent=29270"}],"wp:term":[{"taxonomy":"category","embeddable":true,"href":"https:\/\/www.federacaopaulistadefutsal.com.br\/novo\/wp-json\/wp\/v2\/categories?post=29270"},{"taxonomy":"post_tag","embeddable":true,"href":"https:\/\/www.federacaopaulistadefutsal.com.br\/novo\/wp-json\/wp\/v2\/tags?post=29270"}],"curies":[{"name":"wp","href":"https:\/\/api.w.org\/{rel}","templated":true}]}}