{"id":29348,"date":"2019-05-22T21:32:54","date_gmt":"2019-05-22T21:32:54","guid":{"rendered":"http:\/\/www.federacaopaulistadefutsal.com.br\/novo\/?p=29348"},"modified":"2019-05-22T22:40:04","modified_gmt":"2019-05-22T22:40:04","slug":"sao-jose-e-taboao-da-serra-empatam-pela-ultima-rodada-da-primeira-fase-do-campeonato-paulistapenalty","status":"publish","type":"post","link":"https:\/\/www.federacaopaulistadefutsal.com.br\/novo\/sao-jose-e-taboao-da-serra-empatam-pela-ultima-rodada-da-primeira-fase-do-campeonato-paulistapenalty\/","title":{"rendered":"S\u00e3o Jos\u00e9 e Tabo\u00e3o da Serra empatam pela \u00faltima rodada da primeira fase do Campeonato Paulista\/Penalty"},"content":{"rendered":"<p>Pela \u00faltima rodada da fase de classifica\u00e7\u00e3o do Campeonato Paulista\/Penalty, o S\u00e3o Jos\u00e9 Futsal visitou o Tabo\u00e3o da Serra com\u00a0 equipe mista e empatou por 1 x 1. O pr\u00f3ximo compromisso joseense \u00e9 pela Liga Nacional, em casa, na pr\u00f3xima sexta-feira (24\/5), \u00e0s 20h15, contra o Magnus.<\/p>\n<p>O jogo<\/p>\n<p>Em uma partida com muita disputa, onde o S\u00e3o Jos\u00e9 Futsal levou parte de sua equipe sub-20 para atuar, a briga pela posse da bola foi do come\u00e7o ao fim, com uma vantagem para a equipe visitante que criava mais oportunidades de gol. As defesas foram se segurando bem, com Altenir Jr. no gol do S\u00e3o Jos\u00e9 fazendo boas interven\u00e7\u00f5es quando necess\u00e1rio.<\/p>\n<p>No \u00faltimo minuto da etapa complementar, Nikolas recebeu uma bola na ala e pisou para Alegria, enganando a marca\u00e7\u00e3o. O camisa 97 chutou forte, de primeira, para abrir o marcador.<\/p>\n<p>Etapa Complementar<\/p>\n<p>O segundo tempo repetiu a t\u00f4nica do primeiro, com um jogo disputado do come\u00e7o ao fim. O gol de empate veio ap\u00f3s com Michel, achando uma brecha na marca\u00e7\u00e3o joseense para deixar o marcador na igualdade e decretar o placar final.<\/p>\n<p>Foto: Brenno Domingues<\/p>\n","protected":false},"excerpt":{"rendered":"<p>Pela \u00faltima rodada da fase de classifica\u00e7\u00e3o do Campeonato Paulista\/Penalty, o S\u00e3o Jos\u00e9 Futsal visitou o Tabo\u00e3o da Serra com\u00a0<\/p>\n","protected":false},"author":2,"featured_media":29349,"comment_status":"open","ping_status":"open","sticky":false,"template":"","format":"standard","meta":{"footnotes":""},"categories":[2660,32,2651],"tags":[2699,42,2201,2390],"class_list":["post-29348","post","type-post","status-publish","format-standard","has-post-thumbnail","hentry","category-home-destaque","category-maiores","category-noticias","tag-campeonato-paulista-de-futsalpenalty","tag-fpfs","tag-sao-jose-futsal","tag-taboao-da-serra"],"_links":{"self":[{"href":"https:\/\/www.federacaopaulistadefutsal.com.br\/novo\/wp-json\/wp\/v2\/posts\/29348","targetHints":{"allow":["GET"]}}],"collection":[{"href":"https:\/\/www.federacaopaulistadefutsal.com.br\/novo\/wp-json\/wp\/v2\/posts"}],"about":[{"href":"https:\/\/www.federacaopaulistadefutsal.com.br\/novo\/wp-json\/wp\/v2\/types\/post"}],"author":[{"embeddable":true,"href":"https:\/\/www.federacaopaulistadefutsal.com.br\/novo\/wp-json\/wp\/v2\/users\/2"}],"replies":[{"embeddable":true,"href":"https:\/\/www.federacaopaulistadefutsal.com.br\/novo\/wp-json\/wp\/v2\/comments?post=29348"}],"version-history":[{"count":1,"href":"https:\/\/www.federacaopaulistadefutsal.com.br\/novo\/wp-json\/wp\/v2\/posts\/29348\/revisions"}],"predecessor-version":[{"id":29350,"href":"https:\/\/www.federacaopaulistadefutsal.com.br\/novo\/wp-json\/wp\/v2\/posts\/29348\/revisions\/29350"}],"wp:featuredmedia":[{"embeddable":true,"href":"https:\/\/www.federacaopaulistadefutsal.com.br\/novo\/wp-json\/wp\/v2\/media\/29349"}],"wp:attachment":[{"href":"https:\/\/www.federacaopaulistadefutsal.com.br\/novo\/wp-json\/wp\/v2\/media?parent=29348"}],"wp:term":[{"taxonomy":"category","embeddable":true,"href":"https:\/\/www.federacaopaulistadefutsal.com.br\/novo\/wp-json\/wp\/v2\/categories?post=29348"},{"taxonomy":"post_tag","embeddable":true,"href":"https:\/\/www.federacaopaulistadefutsal.com.br\/novo\/wp-json\/wp\/v2\/tags?post=29348"}],"curies":[{"name":"wp","href":"https:\/\/api.w.org\/{rel}","templated":true}]}}