{"id":2936,"date":"2014-12-05T10:42:57","date_gmt":"2014-12-05T10:42:57","guid":{"rendered":"http:\/\/www.federacaopaulistadefutsal.com.br\/?p=2936"},"modified":"2014-12-05T10:42:57","modified_gmt":"2014-12-05T10:42:57","slug":"corinthians-e-penta-campeao-metropolitano-sub-20","status":"publish","type":"post","link":"https:\/\/www.federacaopaulistadefutsal.com.br\/novo\/corinthians-e-penta-campeao-metropolitano-sub-20\/","title":{"rendered":"Corinthians \u00e9 penta campe\u00e3o metropolitano sub-20"},"content":{"rendered":"<p>A equipe Sub-20 de futsal do Corinthians encerrou 2014 de maneira sensacional. Jogando nesta quinta-feira (4), no Parque S\u00e3o Jorge (zona leste de SP), o Tim\u00e3o venceu o GR Barueri por 3 x 1, conquistando o penta campeonato metropolitano.<br \/>\nCom a vantagem de ter vencido a primeira partida, o Tim\u00e3o saiu atr\u00e1s na decis\u00e3o. Aos 9, Gabriel abriu o placar para o Barueri. No \u00faltimo minuto da primeira etapa, Ruan fez bela jogada pela esquerda e empatou o jogo. Aos 7 min do segundo per\u00edodo, Edgard virou o jogo para o time do Parque S\u00e3o Jorge. Faltando apenas tr\u00eas minutos para o fim, Marcel fechou o placar. O tento confirmou o camisa 71 como artilheiro da competi\u00e7\u00e3o, com 10 gols.<br \/>\n<figure id=\"attachment_2939\" aria-describedby=\"caption-attachment-2939\" style=\"width: 480px\" class=\"wp-caption aligncenter\"><a href=\"http:\/\/www.federacaopaulistadefutsal.com.br\/wp-content\/uploads\/2014\/12\/Corinthians_Sub20_Futsal.jpg\"><img fetchpriority=\"high\" decoding=\"async\" class=\"wp-image-2939 size-full\" src=\"http:\/\/www.federacaopaulistadefutsal.com.br\/wp-content\/uploads\/2014\/12\/Corinthians_Sub20_Futsal.jpg\" alt=\"Corinthians_Sub20_Futsal\" width=\"480\" height=\"480\" srcset=\"https:\/\/www.federacaopaulistadefutsal.com.br\/novo\/wp-content\/uploads\/2014\/12\/Corinthians_Sub20_Futsal.jpg 480w, https:\/\/www.federacaopaulistadefutsal.com.br\/novo\/wp-content\/uploads\/2014\/12\/Corinthians_Sub20_Futsal-150x150.jpg 150w, https:\/\/www.federacaopaulistadefutsal.com.br\/novo\/wp-content\/uploads\/2014\/12\/Corinthians_Sub20_Futsal-300x300.jpg 300w\" sizes=\"(max-width: 480px) 100vw, 480px\" \/><\/a><figcaption id=\"caption-attachment-2939\" class=\"wp-caption-text\">Foto: Reprodu\u00e7\u00e3o\/ Facebook<\/figcaption><\/figure><br \/>\nCom o resultado, o Alvinegro encerra a temporada com 28 vit\u00f3rias e dois empates nos 30 jogos disputados, al\u00e9m de dois t\u00edtulos: Estadual e Metropolitano.<br \/>\n<a href=\"http:\/\/www.federacaopaulistadefutsal.com.br\/wp-content\/uploads\/2014\/12\/Andr\u00e9-Bi\u00e9-Auxiliar-Adulto-e-T\u00e9cnico-SUB-20.jpg\"><img decoding=\"async\" class=\"alignleft  wp-image-2937\" src=\"http:\/\/www.federacaopaulistadefutsal.com.br\/wp-content\/uploads\/2014\/12\/Andr\u00e9-Bi\u00e9-Auxiliar-Adulto-e-T\u00e9cnico-SUB-20-150x150.jpg\" alt=\"Andr\u00e9-Bi\u00e9-Auxiliar-Adulto-e-T\u00e9cnico-SUB-20\" width=\"140\" height=\"140\" \/><\/a>O treinador Andr\u00e9 Bi\u00e9 elogiou o plantel ap\u00f3s a conquista: \u201cO elenco \u00e9 forte, o dia a dia \u00e9 muito bom, eles s\u00e3o comprometidos e disciplinados. S\u00e3o garotos que querem crescer, amam o futsal e tem um futuro brilhante pela frente\u201d. O comandante falou tamb\u00e9m sobre o diferencial da equipe alvinegra: \u201cA uni\u00e3o desses garotos, o brilho no olhar de cada um\u201d.<br \/>\n&nbsp;<br \/>\n<em>Por Assessoria FPFS<br \/>\nCom informa\u00e7\u00f5es: Gustavo Ache<br \/>\n<\/em><\/p>\n","protected":false},"excerpt":{"rendered":"<p>A equipe Sub-20 de futsal do Corinthians encerrou 2014 de maneira sensacional. Jogando nesta quinta-feira (4), no Parque S\u00e3o Jorge<\/p>\n","protected":false},"author":1,"featured_media":2938,"comment_status":"open","ping_status":"open","sticky":false,"template":"","format":"standard","meta":{"footnotes":""},"categories":[25,32,13],"tags":[203,358,469,734,1651,2352,2457],"class_list":["post-2936","post","type-post","status-publish","format-standard","has-post-thumbnail","hentry","category-destaques","category-maiores","category-metropolitano-sub-20","tag-alvinegro","tag-barueri","tag-campeao","tag-corinthians","tag-metropolitano-a1","tag-sub-20","tag-timao"],"_links":{"self":[{"href":"https:\/\/www.federacaopaulistadefutsal.com.br\/novo\/wp-json\/wp\/v2\/posts\/2936","targetHints":{"allow":["GET"]}}],"collection":[{"href":"https:\/\/www.federacaopaulistadefutsal.com.br\/novo\/wp-json\/wp\/v2\/posts"}],"about":[{"href":"https:\/\/www.federacaopaulistadefutsal.com.br\/novo\/wp-json\/wp\/v2\/types\/post"}],"author":[{"embeddable":true,"href":"https:\/\/www.federacaopaulistadefutsal.com.br\/novo\/wp-json\/wp\/v2\/users\/1"}],"replies":[{"embeddable":true,"href":"https:\/\/www.federacaopaulistadefutsal.com.br\/novo\/wp-json\/wp\/v2\/comments?post=2936"}],"version-history":[{"count":0,"href":"https:\/\/www.federacaopaulistadefutsal.com.br\/novo\/wp-json\/wp\/v2\/posts\/2936\/revisions"}],"wp:featuredmedia":[{"embeddable":true,"href":"https:\/\/www.federacaopaulistadefutsal.com.br\/novo\/wp-json\/wp\/v2\/media\/2938"}],"wp:attachment":[{"href":"https:\/\/www.federacaopaulistadefutsal.com.br\/novo\/wp-json\/wp\/v2\/media?parent=2936"}],"wp:term":[{"taxonomy":"category","embeddable":true,"href":"https:\/\/www.federacaopaulistadefutsal.com.br\/novo\/wp-json\/wp\/v2\/categories?post=2936"},{"taxonomy":"post_tag","embeddable":true,"href":"https:\/\/www.federacaopaulistadefutsal.com.br\/novo\/wp-json\/wp\/v2\/tags?post=2936"}],"curies":[{"name":"wp","href":"https:\/\/api.w.org\/{rel}","templated":true}]}}