{"id":29398,"date":"2019-05-29T19:11:48","date_gmt":"2019-05-29T19:11:48","guid":{"rendered":"http:\/\/www.federacaopaulistadefutsal.com.br\/novo\/?p=29398"},"modified":"2019-05-29T22:20:02","modified_gmt":"2019-05-29T22:20:02","slug":"palmeiras-confirma-lugar-na-semi-do-metropolitano-de-futsal-em-todas-as-categorias","status":"publish","type":"post","link":"https:\/\/www.federacaopaulistadefutsal.com.br\/novo\/palmeiras-confirma-lugar-na-semi-do-metropolitano-de-futsal-em-todas-as-categorias\/","title":{"rendered":"Palmeiras confirma lugar na semi do Metropolitano de Futsal em todas as categorias"},"content":{"rendered":"<p>O futsal do Palmeiras segue em grande fase. Neste s\u00e1bado (25) e domingo (26), nos gin\u00e1sios da Federa\u00e7\u00e3o Paulista de Futsal (FPFS), em S\u00e3o Paulo (SP), o Alviverde garantiu lugar nas semifinais do Campeonato Metropolitano nas categorias sub-12, sub-14, sub-16 e sub-18, equipes que despontam entre as favoritas ao t\u00edtulo no primeiro semestre de 2019.<\/p>\n<p>Os times sub-12 e sub-18 do Verd\u00e3o, invictos, confirmaram suas vagas entre os quatro melhores do torneio com mais uma vit\u00f3ria sobre Magnus e AABB, respectivamente. A primeira categoria segue com campanha impec\u00e1vel: 11 vit\u00f3rias em 11 jogos, 71 gols marcados e 13 sofridos. J\u00e1 a segunda soma nove triunfos e dois empates.<\/p>\n<p>O sub-14, por sua vez, faz campanha de recupera\u00e7\u00e3o no mata-mata do Metropolitano. A equipe despachou o S\u00e3o Paulo, que obteve a melhor campanha do Grupo B na classificat\u00f3ria, com duas vit\u00f3rias. Na \u00faltima partida, disputada neste final de semana, o Alviverde goleou por 5 a 2 com direito a gol de cobertura da \u00e1rea palestrina.<\/p>\n<p>Os advers\u00e1rios palmeirenses nas semifinais do Campeonato Metropolitano ser\u00e3o definidos nesta semana pela FPFS, assim como datas e hor\u00e1rios das partidas.<\/p>\n<p><strong>Metropolitano (quartas de final)<\/strong><\/p>\n<p><strong>Sub-12:<\/strong> Magnus 0 x 7 <strong>Palmeiras<\/strong><br \/>\n<strong>Palmeiras <\/strong>2 x 0 Magnus<\/p>\n<p><strong>Sub-14: Palmeiras<\/strong> 3 x 2 S\u00e3o Paulo<br \/>\nS\u00e3o Paulo 2 x 5 <strong>Palmeiras<\/strong><\/p>\n<p><strong>Sub-16: <\/strong>Corinthians 1 x 2 <strong>Palmeiras<\/strong><br \/>\n<strong>Palmeiras<\/strong> 0 x 1 Corinthians<\/p>\n<p><strong>Sub-18: <\/strong>AABB 3 x 4 <strong>Palmeiras<\/strong><br \/>\n<strong>Palmeiras<\/strong> 4 x 1 AABB<\/p>\n<p>Informa\u00e7\u00f5es: assessoria de imprensa Palmeiras<br \/>\nFoto: Priscila Pedroso<\/p>\n","protected":false},"excerpt":{"rendered":"<p>O futsal do Palmeiras segue em grande fase. Neste s\u00e1bado (25) e domingo (26), nos gin\u00e1sios da Federa\u00e7\u00e3o Paulista de<\/p>\n","protected":false},"author":2,"featured_media":29399,"comment_status":"open","ping_status":"open","sticky":false,"template":"","format":"standard","meta":{"footnotes":""},"categories":[2660,25,33,12,2651],"tags":[479,41,42,2282],"class_list":["post-29398","post","type-post","status-publish","format-standard","has-post-thumbnail","hentry","category-home-destaque","category-destaques","category-menores","category-metropolitano-base-a1","category-noticias","tag-campeonato-metropolitano-a1","tag-categorias-menores","tag-fpfs","tag-serie-ouro"],"_links":{"self":[{"href":"https:\/\/www.federacaopaulistadefutsal.com.br\/novo\/wp-json\/wp\/v2\/posts\/29398","targetHints":{"allow":["GET"]}}],"collection":[{"href":"https:\/\/www.federacaopaulistadefutsal.com.br\/novo\/wp-json\/wp\/v2\/posts"}],"about":[{"href":"https:\/\/www.federacaopaulistadefutsal.com.br\/novo\/wp-json\/wp\/v2\/types\/post"}],"author":[{"embeddable":true,"href":"https:\/\/www.federacaopaulistadefutsal.com.br\/novo\/wp-json\/wp\/v2\/users\/2"}],"replies":[{"embeddable":true,"href":"https:\/\/www.federacaopaulistadefutsal.com.br\/novo\/wp-json\/wp\/v2\/comments?post=29398"}],"version-history":[{"count":1,"href":"https:\/\/www.federacaopaulistadefutsal.com.br\/novo\/wp-json\/wp\/v2\/posts\/29398\/revisions"}],"predecessor-version":[{"id":29400,"href":"https:\/\/www.federacaopaulistadefutsal.com.br\/novo\/wp-json\/wp\/v2\/posts\/29398\/revisions\/29400"}],"wp:featuredmedia":[{"embeddable":true,"href":"https:\/\/www.federacaopaulistadefutsal.com.br\/novo\/wp-json\/wp\/v2\/media\/29399"}],"wp:attachment":[{"href":"https:\/\/www.federacaopaulistadefutsal.com.br\/novo\/wp-json\/wp\/v2\/media?parent=29398"}],"wp:term":[{"taxonomy":"category","embeddable":true,"href":"https:\/\/www.federacaopaulistadefutsal.com.br\/novo\/wp-json\/wp\/v2\/categories?post=29398"},{"taxonomy":"post_tag","embeddable":true,"href":"https:\/\/www.federacaopaulistadefutsal.com.br\/novo\/wp-json\/wp\/v2\/tags?post=29398"}],"curies":[{"name":"wp","href":"https:\/\/api.w.org\/{rel}","templated":true}]}}