{"id":29401,"date":"2019-05-28T16:10:20","date_gmt":"2019-05-28T16:10:20","guid":{"rendered":"http:\/\/www.federacaopaulistadefutsal.com.br\/novo\/?p=29401"},"modified":"2019-05-28T16:10:20","modified_gmt":"2019-05-28T16:10:20","slug":"confira-os-classificados-para-as-semifinais-do-metropolitano-a1-serie-ouro-no-sub-12","status":"publish","type":"post","link":"https:\/\/www.federacaopaulistadefutsal.com.br\/novo\/confira-os-classificados-para-as-semifinais-do-metropolitano-a1-serie-ouro-no-sub-12\/","title":{"rendered":"Confira os classificados para \u00e0s semifinais do Metropolitano A1 S\u00e9rie Ouro no sub-12"},"content":{"rendered":"<p>25\/05 &#8211; 09:00h &#8211; Gin\u00e1sio Presidente Ciro II<br \/>\n<strong><span class=\"nome_clube d-flex justify-content-center align-items-center text-right\">S\u00e3o Paulo F.C.<\/span><\/strong> 2 x 2 <span class=\"nome_clube d-flex justify-content-center align-items-center text-left\">INST. DE CIDADANIA RA\u00cdZES &#8211; BARUERI ESPORTE FORTE<\/span><\/p>\n<p>25\/05 &#8211; 10:15h &#8211; Gin\u00e1sio Presidente Ciro II<br \/>\n<strong><span class=\"nome_clube d-flex justify-content-center align-items-center text-right\">S.C. Corinthians Paulista<\/span><\/strong> 5 x 0 <span class=\"nome_clube d-flex justify-content-center align-items-center text-left\">C.A. Juventus<\/span><\/p>\n<p>26\/05 &#8211; 16:30h &#8211; Gin\u00e1sio Presidente Ciro II<br \/>\n<strong><span class=\"nome_clube d-flex justify-content-center align-items-center text-right\">Santos F.C.<\/span><\/strong> 2 x 5 <span class=\"nome_clube d-flex justify-content-center align-items-center text-left\">C.E. Penha<\/span><\/p>\n<p>26\/05 &#8211; 11:30h &#8211; Gin\u00e1sio Presidente Ciro II<a class=\"show-ginasio-modal\" href=\"http:\/\/eventos.admfutsal.com.br\/evento\/652\/jogos#\" data-idginasio=\"2\"><\/a><br \/>\n<strong><span class=\"nome_clube d-flex justify-content-center align-items-center text-right\">S.E. Palmeiras<\/span> <\/strong>2 x 0 <span class=\"nome_clube d-flex justify-content-center align-items-center text-left\">ASF\/MAGNUS FUTSAL<\/span><\/p>\n","protected":false},"excerpt":{"rendered":"<p>25\/05 &#8211; 09:00h &#8211; Gin\u00e1sio Presidente Ciro II S\u00e3o Paulo F.C. 2 x 2 INST. DE CIDADANIA RA\u00cdZES &#8211; BARUERI<\/p>\n","protected":false},"author":2,"featured_media":29155,"comment_status":"open","ping_status":"open","sticky":false,"template":"","format":"standard","meta":{"footnotes":""},"categories":[33,12,2651],"tags":[479,41,42,2282],"class_list":["post-29401","post","type-post","status-publish","format-standard","has-post-thumbnail","hentry","category-menores","category-metropolitano-base-a1","category-noticias","tag-campeonato-metropolitano-a1","tag-categorias-menores","tag-fpfs","tag-serie-ouro"],"_links":{"self":[{"href":"https:\/\/www.federacaopaulistadefutsal.com.br\/novo\/wp-json\/wp\/v2\/posts\/29401","targetHints":{"allow":["GET"]}}],"collection":[{"href":"https:\/\/www.federacaopaulistadefutsal.com.br\/novo\/wp-json\/wp\/v2\/posts"}],"about":[{"href":"https:\/\/www.federacaopaulistadefutsal.com.br\/novo\/wp-json\/wp\/v2\/types\/post"}],"author":[{"embeddable":true,"href":"https:\/\/www.federacaopaulistadefutsal.com.br\/novo\/wp-json\/wp\/v2\/users\/2"}],"replies":[{"embeddable":true,"href":"https:\/\/www.federacaopaulistadefutsal.com.br\/novo\/wp-json\/wp\/v2\/comments?post=29401"}],"version-history":[{"count":2,"href":"https:\/\/www.federacaopaulistadefutsal.com.br\/novo\/wp-json\/wp\/v2\/posts\/29401\/revisions"}],"predecessor-version":[{"id":29411,"href":"https:\/\/www.federacaopaulistadefutsal.com.br\/novo\/wp-json\/wp\/v2\/posts\/29401\/revisions\/29411"}],"wp:featuredmedia":[{"embeddable":true,"href":"https:\/\/www.federacaopaulistadefutsal.com.br\/novo\/wp-json\/wp\/v2\/media\/29155"}],"wp:attachment":[{"href":"https:\/\/www.federacaopaulistadefutsal.com.br\/novo\/wp-json\/wp\/v2\/media?parent=29401"}],"wp:term":[{"taxonomy":"category","embeddable":true,"href":"https:\/\/www.federacaopaulistadefutsal.com.br\/novo\/wp-json\/wp\/v2\/categories?post=29401"},{"taxonomy":"post_tag","embeddable":true,"href":"https:\/\/www.federacaopaulistadefutsal.com.br\/novo\/wp-json\/wp\/v2\/tags?post=29401"}],"curies":[{"name":"wp","href":"https:\/\/api.w.org\/{rel}","templated":true}]}}