{"id":29414,"date":"2019-05-29T16:44:54","date_gmt":"2019-05-29T16:44:54","guid":{"rendered":"http:\/\/www.federacaopaulistadefutsal.com.br\/novo\/?p=29414"},"modified":"2019-05-29T16:44:54","modified_gmt":"2019-05-29T16:44:54","slug":"fora-de-casa-santo-andre-vence-hortolandia-pelo-estadual-sub-20","status":"publish","type":"post","link":"https:\/\/www.federacaopaulistadefutsal.com.br\/novo\/fora-de-casa-santo-andre-vence-hortolandia-pelo-estadual-sub-20\/","title":{"rendered":"Fora de casa, Santo Andr\u00e9 vence Hortol\u00e2ndia pelo Estadual Sub-20"},"content":{"rendered":"<p>Na noite de ter\u00e7a-feira (28\/5), na cidade de Hortol\u00e2ndia, Hortol\u00e2ndia Futsal e Santo Andr\u00e9 Futsal se enfrentaram no gin\u00e1sio Municipal Victor Savala em rodada do Estadual Sub-20.<\/p>\n<p>Surpreendo o advers\u00e1rio, o Santo Andr\u00e9 venceu pelo placar de 7 a 3 ap\u00f3s sair atr\u00e1s no placar.<\/p>\n<p>Anderson (2x), C\u00e9sar, Guilherme, Winderson, Carlos Henrique e Vitor Gabriel anotaram para os visitantes. Jo\u00e3o Victor, J\u00falio C\u00e9sar e Giovani marcaram para o Hortol\u00e2ndia.<\/p>\n","protected":false},"excerpt":{"rendered":"<p>Na noite de ter\u00e7a-feira (28\/5), na cidade de Hortol\u00e2ndia, Hortol\u00e2ndia Futsal e Santo Andr\u00e9 Futsal se enfrentaram no gin\u00e1sio Municipal<\/p>\n","protected":false},"author":2,"featured_media":29415,"comment_status":"open","ping_status":"open","sticky":false,"template":"","format":"standard","meta":{"footnotes":""},"categories":[11,2651],"tags":[549,41,975,42],"class_list":["post-29414","post","type-post","status-publish","format-standard","has-post-thumbnail","hentry","category-estadual-sub-20","category-noticias","tag-categoria-sub-20","tag-categorias-menores","tag-estadual","tag-fpfs"],"_links":{"self":[{"href":"https:\/\/www.federacaopaulistadefutsal.com.br\/novo\/wp-json\/wp\/v2\/posts\/29414","targetHints":{"allow":["GET"]}}],"collection":[{"href":"https:\/\/www.federacaopaulistadefutsal.com.br\/novo\/wp-json\/wp\/v2\/posts"}],"about":[{"href":"https:\/\/www.federacaopaulistadefutsal.com.br\/novo\/wp-json\/wp\/v2\/types\/post"}],"author":[{"embeddable":true,"href":"https:\/\/www.federacaopaulistadefutsal.com.br\/novo\/wp-json\/wp\/v2\/users\/2"}],"replies":[{"embeddable":true,"href":"https:\/\/www.federacaopaulistadefutsal.com.br\/novo\/wp-json\/wp\/v2\/comments?post=29414"}],"version-history":[{"count":1,"href":"https:\/\/www.federacaopaulistadefutsal.com.br\/novo\/wp-json\/wp\/v2\/posts\/29414\/revisions"}],"predecessor-version":[{"id":29416,"href":"https:\/\/www.federacaopaulistadefutsal.com.br\/novo\/wp-json\/wp\/v2\/posts\/29414\/revisions\/29416"}],"wp:featuredmedia":[{"embeddable":true,"href":"https:\/\/www.federacaopaulistadefutsal.com.br\/novo\/wp-json\/wp\/v2\/media\/29415"}],"wp:attachment":[{"href":"https:\/\/www.federacaopaulistadefutsal.com.br\/novo\/wp-json\/wp\/v2\/media?parent=29414"}],"wp:term":[{"taxonomy":"category","embeddable":true,"href":"https:\/\/www.federacaopaulistadefutsal.com.br\/novo\/wp-json\/wp\/v2\/categories?post=29414"},{"taxonomy":"post_tag","embeddable":true,"href":"https:\/\/www.federacaopaulistadefutsal.com.br\/novo\/wp-json\/wp\/v2\/tags?post=29414"}],"curies":[{"name":"wp","href":"https:\/\/api.w.org\/{rel}","templated":true}]}}