{"id":29420,"date":"2019-05-29T12:53:38","date_gmt":"2019-05-29T12:53:38","guid":{"rendered":"http:\/\/www.federacaopaulistadefutsal.com.br\/novo\/?p=29420"},"modified":"2019-05-29T15:19:32","modified_gmt":"2019-05-29T15:19:32","slug":"grand-prix-feminino-inicia-nesta-quinta-feira","status":"publish","type":"post","link":"https:\/\/www.federacaopaulistadefutsal.com.br\/novo\/grand-prix-feminino-inicia-nesta-quinta-feira\/","title":{"rendered":"Grand Prix Feminino inicia nesta quinta-feira"},"content":{"rendered":"<p class=\"p1\">A equipe convocada \u00e9 composta das melhores atletas em atividade no pa\u00eds, e chega na competi\u00e7\u00e3o para enfrentar grandes sele\u00e7\u00f5es sul-americanas como a Argentina, Chile e o Paraguai, tornando assim o 1\u00ba Grand Prix Feminino um importante e equilibrado evento do futsal feminino.<\/p>\n<p class=\"p1\">\u201cEstamos ansiosos pela aproxima\u00e7\u00e3o da estreia no Grand Prix, esse \u00e9 um importante cap\u00edtulo da hist\u00f3ria do Futsal Feminino Mundial. Esta competi\u00e7\u00e3o vem para coroar o crescimento da modalidade no pa\u00eds, e a prepara\u00e7\u00e3o foi intensa para bem representar o pa\u00eds em um momento t\u00e3o sonhado&#8221;, destacou Tatiana\u00a0Weysfield, chefe da Delega\u00e7\u00e3o Brasileira.<\/p>\n<p class=\"p1\"><strong>Confira a lista das convocadas:<\/strong><\/p>\n<p class=\"p1\"><strong>Goleiras:<\/strong><\/p>\n<p class=\"p1\">Regiane Fernanda S. do Amaral (S\u00e3o Jos\u00e9 &#8211; SP)<\/p>\n<p class=\"p1\">Flaviani do Nascimento (Tabo\u00e3o da Serra &#8211; SP)<\/p>\n<p class=\"p1\"><strong>Fixas:<\/strong><\/p>\n<p class=\"p1\">Diana Santos de Oliveira (Leoas da Serra \u2013 SC)<\/p>\n<p class=\"p1\">Luana Verucia de Moura (Tabo\u00e3o da Serra &#8211; SP)<\/p>\n<p class=\"p1\">Amanda Rossato (Female &#8211; SC)<\/p>\n<p class=\"p1\"><strong>Alas:<\/strong><\/p>\n<p class=\"p1\">Amanda Lyssa de Oliveira (Leoas da Serra \u2013 SC)<\/p>\n<p class=\"p1\">Gabriela Machado de Barros (Uruguaiana &#8211; PR)<\/p>\n<p class=\"p1\">Claudiane da Silva Paulino (UNIFOR &#8211; CE)<\/p>\n<p class=\"p1\">Simone da Costa Paiva (Tel\u00eamaco Borba &#8211; PR)<\/p>\n<p class=\"p1\">Micheli Tres Villas (Female &#8211; SC)<\/p>\n<p class=\"p1\">Greice Behm (Leoas da Serra \u2013 SC)<\/p>\n<p class=\"p1\"><strong>Piv\u00f4s:<\/strong><\/p>\n<p class=\"p1\">Caroline da Silva Marciano (Cianorte \u2013 PR)<\/p>\n<p class=\"p1\">Ana Luiza Almeida do Nascimento (ADELL &#8211; SC)<\/p>\n<p class=\"p1\">Susana dos Reis (Tabo\u00e3o da Serra &#8211; SP)<\/p>\n<p>Informa\u00e7\u00f5es: CBFS<br \/>\nFoto: <strong>Naiara Gresta\/CBFS <\/strong><\/p>\n<p>&nbsp;<\/p>\n","protected":false},"excerpt":{"rendered":"<p>A equipe convocada \u00e9 composta das melhores atletas em atividade no pa\u00eds, e chega na competi\u00e7\u00e3o para enfrentar grandes sele\u00e7\u00f5es<\/p>\n","protected":false},"author":2,"featured_media":29421,"comment_status":"open","ping_status":"open","sticky":false,"template":"","format":"standard","meta":{"footnotes":""},"categories":[2660,26,2651,35],"tags":[563,42,1138,2240],"class_list":["post-29420","post","type-post","status-publish","format-standard","has-post-thumbnail","hentry","category-home-destaque","category-feminino","category-noticias","category-selecao","tag-cbfs","tag-fpfs","tag-futsal-feminino","tag-selecao-brasileira"],"_links":{"self":[{"href":"https:\/\/www.federacaopaulistadefutsal.com.br\/novo\/wp-json\/wp\/v2\/posts\/29420","targetHints":{"allow":["GET"]}}],"collection":[{"href":"https:\/\/www.federacaopaulistadefutsal.com.br\/novo\/wp-json\/wp\/v2\/posts"}],"about":[{"href":"https:\/\/www.federacaopaulistadefutsal.com.br\/novo\/wp-json\/wp\/v2\/types\/post"}],"author":[{"embeddable":true,"href":"https:\/\/www.federacaopaulistadefutsal.com.br\/novo\/wp-json\/wp\/v2\/users\/2"}],"replies":[{"embeddable":true,"href":"https:\/\/www.federacaopaulistadefutsal.com.br\/novo\/wp-json\/wp\/v2\/comments?post=29420"}],"version-history":[{"count":1,"href":"https:\/\/www.federacaopaulistadefutsal.com.br\/novo\/wp-json\/wp\/v2\/posts\/29420\/revisions"}],"predecessor-version":[{"id":29422,"href":"https:\/\/www.federacaopaulistadefutsal.com.br\/novo\/wp-json\/wp\/v2\/posts\/29420\/revisions\/29422"}],"wp:featuredmedia":[{"embeddable":true,"href":"https:\/\/www.federacaopaulistadefutsal.com.br\/novo\/wp-json\/wp\/v2\/media\/29421"}],"wp:attachment":[{"href":"https:\/\/www.federacaopaulistadefutsal.com.br\/novo\/wp-json\/wp\/v2\/media?parent=29420"}],"wp:term":[{"taxonomy":"category","embeddable":true,"href":"https:\/\/www.federacaopaulistadefutsal.com.br\/novo\/wp-json\/wp\/v2\/categories?post=29420"},{"taxonomy":"post_tag","embeddable":true,"href":"https:\/\/www.federacaopaulistadefutsal.com.br\/novo\/wp-json\/wp\/v2\/tags?post=29420"}],"curies":[{"name":"wp","href":"https:\/\/api.w.org\/{rel}","templated":true}]}}