{"id":2975,"date":"2014-12-05T14:35:17","date_gmt":"2014-12-05T14:35:17","guid":{"rendered":"http:\/\/www.federacaopaulistadefutsal.com.br\/?p=2975"},"modified":"2014-12-05T14:35:17","modified_gmt":"2014-12-05T14:35:17","slug":"neste-sabado-rio-preto-futsal-tem-tres-decisoes-pelo-trofeu-piratininga","status":"publish","type":"post","link":"https:\/\/www.federacaopaulistadefutsal.com.br\/novo\/neste-sabado-rio-preto-futsal-tem-tres-decisoes-pelo-trofeu-piratininga\/","title":{"rendered":"Neste s\u00e1bado, Rio Preto Futsal tem tr\u00eas decis\u00f5es pelo Trof\u00e9u Piratininga"},"content":{"rendered":"<p>Neste s\u00e1bado (06), os times Sub-12, Sub-14 e Sub-16 do Rio Preto Futsal\/SMEL\/Guaran\u00e1 Antarctica\/Gatorade\/Objetivo\/LPIE entram em quadra para decidir o t\u00edtulo do Trof\u00e9u Piratininga, no gin\u00e1sio Natalone.<br \/>\nOs primeiros a entrarem em a\u00e7\u00e3o ser\u00e3o os garotos do time Sub-16 que duelam contra o Cruzeiro, \u00e0s 14 horas. Logo em seguida, o Sub-14 rio-pretense pega o Pindamonhangaba e fechando a tarde, os meninos do Sub-12 enfrentam Santos.<br \/>\n<a href=\"http:\/\/www.federacaopaulistadefutsal.com.br\/wp-content\/uploads\/2014\/12\/10847451_811204285584371_1862949821750569471_o-e1417804157234.jpg\"><img fetchpriority=\"high\" decoding=\"async\" class=\"alignleft wp-image-2988 size-medium\" src=\"http:\/\/www.federacaopaulistadefutsal.com.br\/wp-content\/uploads\/2014\/12\/10847451_811204285584371_1862949821750569471_o-e1417804157234-300x200.jpg\" alt=\"10847451_811204285584371_1862949821750569471_o\" width=\"300\" height=\"200\" srcset=\"https:\/\/www.federacaopaulistadefutsal.com.br\/novo\/wp-content\/uploads\/2014\/12\/10847451_811204285584371_1862949821750569471_o-e1417804157234-300x200.jpg 300w, https:\/\/www.federacaopaulistadefutsal.com.br\/novo\/wp-content\/uploads\/2014\/12\/10847451_811204285584371_1862949821750569471_o-e1417804157234-768x512.jpg 768w, https:\/\/www.federacaopaulistadefutsal.com.br\/novo\/wp-content\/uploads\/2014\/12\/10847451_811204285584371_1862949821750569471_o-e1417804157234-1024x683.jpg 1024w, https:\/\/www.federacaopaulistadefutsal.com.br\/novo\/wp-content\/uploads\/2014\/12\/10847451_811204285584371_1862949821750569471_o-e1417804157234.jpg 2048w\" sizes=\"(max-width: 300px) 100vw, 300px\" \/><\/a>O gestor do Rio Preto Futsal, J\u00falio Martins, acredita em t\u00edtulos e fala do trabalho de base do Rio Preto. \u201c<strong>Nosso time adulto est\u00e1 na final de uma competi\u00e7\u00e3o importante, como a Copa Paulista, o que nos motiva muito, mas n\u00e3o podemos esquecer da base, que \u00e9 o nosso futuro. E temos muito orgulho dela. Neste s\u00e1bado, tr\u00eas dos nossos times est\u00e3o nas finais do Piratininga, um dos mais disputados torneios do Estado. Vivemos um momento muito positivo e vamos buscar mais t\u00edtulos<\/strong>\u201d, afirmou Martins.<br \/>\nPor Assessoria FPFS<br \/>\nCom informa\u00e7\u00f5es Assessiva<\/p>\n","protected":false},"excerpt":{"rendered":"<p>Neste s\u00e1bado (06), os times Sub-12, Sub-14 e Sub-16 do Rio Preto Futsal\/SMEL\/Guaran\u00e1 Antarctica\/Gatorade\/Objetivo\/LPIE entram em quadra para decidir o<\/p>\n","protected":false},"author":1,"featured_media":2987,"comment_status":"open","ping_status":"open","sticky":false,"template":"","format":"standard","meta":{"footnotes":""},"categories":[25,33],"tags":[785,1887,2124],"class_list":["post-2975","post","type-post","status-publish","format-standard","has-post-thumbnail","hentry","category-destaques","category-menores","tag-decisao","tag-piratininga","tag-rio-preto"],"_links":{"self":[{"href":"https:\/\/www.federacaopaulistadefutsal.com.br\/novo\/wp-json\/wp\/v2\/posts\/2975","targetHints":{"allow":["GET"]}}],"collection":[{"href":"https:\/\/www.federacaopaulistadefutsal.com.br\/novo\/wp-json\/wp\/v2\/posts"}],"about":[{"href":"https:\/\/www.federacaopaulistadefutsal.com.br\/novo\/wp-json\/wp\/v2\/types\/post"}],"author":[{"embeddable":true,"href":"https:\/\/www.federacaopaulistadefutsal.com.br\/novo\/wp-json\/wp\/v2\/users\/1"}],"replies":[{"embeddable":true,"href":"https:\/\/www.federacaopaulistadefutsal.com.br\/novo\/wp-json\/wp\/v2\/comments?post=2975"}],"version-history":[{"count":0,"href":"https:\/\/www.federacaopaulistadefutsal.com.br\/novo\/wp-json\/wp\/v2\/posts\/2975\/revisions"}],"wp:featuredmedia":[{"embeddable":true,"href":"https:\/\/www.federacaopaulistadefutsal.com.br\/novo\/wp-json\/wp\/v2\/media\/2987"}],"wp:attachment":[{"href":"https:\/\/www.federacaopaulistadefutsal.com.br\/novo\/wp-json\/wp\/v2\/media?parent=2975"}],"wp:term":[{"taxonomy":"category","embeddable":true,"href":"https:\/\/www.federacaopaulistadefutsal.com.br\/novo\/wp-json\/wp\/v2\/categories?post=2975"},{"taxonomy":"post_tag","embeddable":true,"href":"https:\/\/www.federacaopaulistadefutsal.com.br\/novo\/wp-json\/wp\/v2\/tags?post=2975"}],"curies":[{"name":"wp","href":"https:\/\/api.w.org\/{rel}","templated":true}]}}