{"id":29913,"date":"2019-06-21T00:12:50","date_gmt":"2019-06-21T00:12:50","guid":{"rendered":"http:\/\/www.federacaopaulistadefutsal.com.br\/novo\/?p=29913"},"modified":"2019-06-21T17:50:12","modified_gmt":"2019-06-21T17:50:12","slug":"definidos-os-campeoes-do-metropolitano-serie-prata-a2-e-bronze-a1","status":"publish","type":"post","link":"https:\/\/www.federacaopaulistadefutsal.com.br\/novo\/definidos-os-campeoes-do-metropolitano-serie-prata-a2-e-bronze-a1\/","title":{"rendered":"DEFINIDOS OS CAMPE\u00d5ES DO METROPOLITANO S\u00c9RIE PRATA A2 E BRONZE A1"},"content":{"rendered":"<p>Hoje, nos Gin\u00e1sios Ciro I e II, foram realizadas as partidas que definiram os campe\u00f5es do Campeonato Metropolitano sub-12, sub-14, sub-16 e sub-18 das s\u00e9ries Prata e Bronze.<\/p>\n<p>SUB-18<\/p>\n<p>O primeiro campe\u00e3o do dia foi da S\u00e9rie Bronze A1 do Sub-18, foi o S\u00e3o Jos\u00e9 Futsal venceu o Clube Internacional de Regatas, jogando no Gin\u00e1sio Presidente Ciro II.<\/p>\n<p>O campe\u00e3o da S\u00e9rie Prata A2 do Sub-18, foi o A.D Santo Andr\u00e9 Futsal, venceu o BLD Santo Andr\u00e9 Futsal, no Gin\u00e1sio Presidente Ciro I.<\/p>\n<p>SUB-16<\/p>\n<p>O campe\u00e3o da S\u00e9rie Bronze A1 do Sub-16, foi o Mogi das Cruzes E.C venceu o S\u00e3o Jos\u00e9 Futsal, no Gin\u00e1sio Presidente Ciro II.<\/p>\n<p>O campe\u00e3o da S\u00e9rie Prata A2 do Sub-16, foi o Instituto Fam\u00edlia Futsal\/Lorena venceu o BLD Santo Andr\u00e9 Futsal, no Gin\u00e1sio Presidente Ciro I.<\/p>\n<p>SUB-14<\/p>\n<p>O campe\u00e3o da S\u00e9rie Bronze A1 do Sub-14, foi o A.A Banco do Brasil venceu o Mogi das Cruzes E.C no Gin\u00e1sio Presidente Ciro II.<\/p>\n<p>O campe\u00e3o da S\u00e9rie Prata A2 do Sub-14, foi o BLD Santo Andr\u00e9 Futsal venceu o A. Uni\u00e3o Mau\u00e1 no Gin\u00e1sio Presidente Ciro I.<\/p>\n<p>SUB-12<\/p>\n<p>O campe\u00e3o da S\u00e9rie Bronze A1 do Sub-12, foi o A.A Banco do Brasil venceu o S.E Elite Itaqueirense no Gin\u00e1sio Presidente Ciro II.<\/p>\n<p>O campe\u00e3o S\u00e9rie Prata A2 do sub-12, foi o Liga Leste venceu o A.D.C Inter Mogi no Gin\u00e1sio Presidente Ciro I.<\/p>\n<div id='gallery-1' class='gallery galleryid-29913 gallery-columns-3 gallery-size-colormag-featured-image'><figure class='gallery-item'>\n\t\t\t<div class='gallery-icon landscape'>\n\t\t\t\t<a href='https:\/\/www.federacaopaulistadefutsal.com.br\/novo\/definidos-os-campeoes-do-metropolitano-serie-prata-a2-e-bronze-a1\/img-20190620-wa0089\/'><img fetchpriority=\"high\" decoding=\"async\" width=\"800\" height=\"445\" src=\"https:\/\/www.federacaopaulistadefutsal.com.br\/novo\/wp-content\/uploads\/2019\/06\/IMG-20190620-WA0089-800x445.jpg\" class=\"attachment-colormag-featured-image size-colormag-featured-image\" alt=\"\" \/><\/a>\n\t\t\t<\/div><\/figure><figure class='gallery-item'>\n\t\t\t<div class='gallery-icon landscape'>\n\t\t\t\t<a href='https:\/\/www.federacaopaulistadefutsal.com.br\/novo\/definidos-os-campeoes-do-metropolitano-serie-prata-a2-e-bronze-a1\/img-20190620-wa0087\/'><img decoding=\"async\" width=\"800\" height=\"445\" src=\"https:\/\/www.federacaopaulistadefutsal.com.br\/novo\/wp-content\/uploads\/2019\/06\/IMG-20190620-WA0087-800x445.jpg\" class=\"attachment-colormag-featured-image size-colormag-featured-image\" alt=\"\" \/><\/a>\n\t\t\t<\/div><\/figure><figure class='gallery-item'>\n\t\t\t<div class='gallery-icon landscape'>\n\t\t\t\t<a href='https:\/\/www.federacaopaulistadefutsal.com.br\/novo\/definidos-os-campeoes-do-metropolitano-serie-prata-a2-e-bronze-a1\/img-20190620-wa0086\/'><img decoding=\"async\" width=\"800\" height=\"445\" src=\"https:\/\/www.federacaopaulistadefutsal.com.br\/novo\/wp-content\/uploads\/2019\/06\/IMG-20190620-WA0086-800x445.jpg\" class=\"attachment-colormag-featured-image size-colormag-featured-image\" alt=\"\" \/><\/a>\n\t\t\t<\/div><\/figure><figure class='gallery-item'>\n\t\t\t<div class='gallery-icon landscape'>\n\t\t\t\t<a href='https:\/\/www.federacaopaulistadefutsal.com.br\/novo\/definidos-os-campeoes-do-metropolitano-serie-prata-a2-e-bronze-a1\/img-20190620-wa0090\/'><img loading=\"lazy\" decoding=\"async\" width=\"800\" height=\"445\" src=\"https:\/\/www.federacaopaulistadefutsal.com.br\/novo\/wp-content\/uploads\/2019\/06\/IMG-20190620-WA0090-800x445.jpg\" class=\"attachment-colormag-featured-image size-colormag-featured-image\" alt=\"\" \/><\/a>\n\t\t\t<\/div><\/figure><figure class='gallery-item'>\n\t\t\t<div class='gallery-icon landscape'>\n\t\t\t\t<a href='https:\/\/www.federacaopaulistadefutsal.com.br\/novo\/definidos-os-campeoes-do-metropolitano-serie-prata-a2-e-bronze-a1\/img-20190620-wa0096\/'><img loading=\"lazy\" decoding=\"async\" width=\"800\" height=\"445\" src=\"https:\/\/www.federacaopaulistadefutsal.com.br\/novo\/wp-content\/uploads\/2019\/06\/IMG-20190620-WA0096-800x445.jpg\" class=\"attachment-colormag-featured-image size-colormag-featured-image\" alt=\"\" \/><\/a>\n\t\t\t<\/div><\/figure><figure class='gallery-item'>\n\t\t\t<div class='gallery-icon landscape'>\n\t\t\t\t<a href='https:\/\/www.federacaopaulistadefutsal.com.br\/novo\/definidos-os-campeoes-do-metropolitano-serie-prata-a2-e-bronze-a1\/img-20190620-wa0043\/'><img loading=\"lazy\" decoding=\"async\" width=\"800\" height=\"445\" src=\"https:\/\/www.federacaopaulistadefutsal.com.br\/novo\/wp-content\/uploads\/2019\/06\/IMG-20190620-WA0043-800x445.jpg\" class=\"attachment-colormag-featured-image size-colormag-featured-image\" alt=\"\" \/><\/a>\n\t\t\t<\/div><\/figure><figure class='gallery-item'>\n\t\t\t<div class='gallery-icon landscape'>\n\t\t\t\t<a href='https:\/\/www.federacaopaulistadefutsal.com.br\/novo\/definidos-os-campeoes-do-metropolitano-serie-prata-a2-e-bronze-a1\/img-20190620-wa0095\/'><img loading=\"lazy\" decoding=\"async\" width=\"800\" height=\"445\" src=\"https:\/\/www.federacaopaulistadefutsal.com.br\/novo\/wp-content\/uploads\/2019\/06\/IMG-20190620-WA0095-800x445.jpg\" class=\"attachment-colormag-featured-image size-colormag-featured-image\" alt=\"\" \/><\/a>\n\t\t\t<\/div><\/figure><figure class='gallery-item'>\n\t\t\t<div class='gallery-icon landscape'>\n\t\t\t\t<a href='https:\/\/www.federacaopaulistadefutsal.com.br\/novo\/definidos-os-campeoes-do-metropolitano-serie-prata-a2-e-bronze-a1\/img-20190620-wa0042\/'><img loading=\"lazy\" decoding=\"async\" width=\"800\" height=\"445\" src=\"https:\/\/www.federacaopaulistadefutsal.com.br\/novo\/wp-content\/uploads\/2019\/06\/IMG-20190620-WA0042-800x445.jpg\" class=\"attachment-colormag-featured-image size-colormag-featured-image\" alt=\"\" \/><\/a>\n\t\t\t<\/div><\/figure><figure class='gallery-item'>\n\t\t\t<div class='gallery-icon landscape'>\n\t\t\t\t<a href='https:\/\/www.federacaopaulistadefutsal.com.br\/novo\/definidos-os-campeoes-do-metropolitano-serie-prata-a2-e-bronze-a1\/img-20190620-wa0025\/'><img loading=\"lazy\" decoding=\"async\" width=\"800\" height=\"445\" src=\"https:\/\/www.federacaopaulistadefutsal.com.br\/novo\/wp-content\/uploads\/2019\/06\/IMG-20190620-WA0025-800x445.jpg\" class=\"attachment-colormag-featured-image size-colormag-featured-image\" alt=\"\" \/><\/a>\n\t\t\t<\/div><\/figure><figure class='gallery-item'>\n\t\t\t<div class='gallery-icon landscape'>\n\t\t\t\t<a href='https:\/\/www.federacaopaulistadefutsal.com.br\/novo\/definidos-os-campeoes-do-metropolitano-serie-prata-a2-e-bronze-a1\/img-20190620-wa0024\/'><img loading=\"lazy\" decoding=\"async\" width=\"800\" height=\"445\" src=\"https:\/\/www.federacaopaulistadefutsal.com.br\/novo\/wp-content\/uploads\/2019\/06\/IMG-20190620-WA0024-800x445.jpg\" class=\"attachment-colormag-featured-image size-colormag-featured-image\" alt=\"\" \/><\/a>\n\t\t\t<\/div><\/figure><figure class='gallery-item'>\n\t\t\t<div class='gallery-icon landscape'>\n\t\t\t\t<a href='https:\/\/www.federacaopaulistadefutsal.com.br\/novo\/definidos-os-campeoes-do-metropolitano-serie-prata-a2-e-bronze-a1\/img-20190620-wa0093\/'><img loading=\"lazy\" decoding=\"async\" width=\"800\" height=\"445\" src=\"https:\/\/www.federacaopaulistadefutsal.com.br\/novo\/wp-content\/uploads\/2019\/06\/IMG-20190620-WA0093-800x445.jpg\" class=\"attachment-colormag-featured-image size-colormag-featured-image\" alt=\"\" \/><\/a>\n\t\t\t<\/div><\/figure><figure class='gallery-item'>\n\t\t\t<div class='gallery-icon landscape'>\n\t\t\t\t<a href='https:\/\/www.federacaopaulistadefutsal.com.br\/novo\/definidos-os-campeoes-do-metropolitano-serie-prata-a2-e-bronze-a1\/img-20190620-wa0023\/'><img loading=\"lazy\" decoding=\"async\" width=\"800\" height=\"445\" src=\"https:\/\/www.federacaopaulistadefutsal.com.br\/novo\/wp-content\/uploads\/2019\/06\/IMG-20190620-WA0023-800x445.jpg\" class=\"attachment-colormag-featured-image size-colormag-featured-image\" alt=\"\" \/><\/a>\n\t\t\t<\/div><\/figure><figure class='gallery-item'>\n\t\t\t<div class='gallery-icon landscape'>\n\t\t\t\t<a href='https:\/\/www.federacaopaulistadefutsal.com.br\/novo\/definidos-os-campeoes-do-metropolitano-serie-prata-a2-e-bronze-a1\/img-20190620-wa0092\/'><img loading=\"lazy\" decoding=\"async\" width=\"800\" height=\"445\" src=\"https:\/\/www.federacaopaulistadefutsal.com.br\/novo\/wp-content\/uploads\/2019\/06\/IMG-20190620-WA0092-800x445.jpg\" class=\"attachment-colormag-featured-image size-colormag-featured-image\" alt=\"\" \/><\/a>\n\t\t\t<\/div><\/figure><figure class='gallery-item'>\n\t\t\t<div class='gallery-icon landscape'>\n\t\t\t\t<a href='https:\/\/www.federacaopaulistadefutsal.com.br\/novo\/definidos-os-campeoes-do-metropolitano-serie-prata-a2-e-bronze-a1\/img-20190620-wa0091\/'><img loading=\"lazy\" decoding=\"async\" width=\"800\" height=\"445\" src=\"https:\/\/www.federacaopaulistadefutsal.com.br\/novo\/wp-content\/uploads\/2019\/06\/IMG-20190620-WA0091-800x445.jpg\" class=\"attachment-colormag-featured-image size-colormag-featured-image\" alt=\"\" \/><\/a>\n\t\t\t<\/div><\/figure><figure class='gallery-item'>\n\t\t\t<div class='gallery-icon landscape'>\n\t\t\t\t<a href='https:\/\/www.federacaopaulistadefutsal.com.br\/novo\/definidos-os-campeoes-do-metropolitano-serie-prata-a2-e-bronze-a1\/img-20190620-wa0021\/'><img loading=\"lazy\" decoding=\"async\" width=\"800\" height=\"445\" src=\"https:\/\/www.federacaopaulistadefutsal.com.br\/novo\/wp-content\/uploads\/2019\/06\/IMG-20190620-WA0021-800x445.jpg\" class=\"attachment-colormag-featured-image size-colormag-featured-image\" alt=\"\" \/><\/a>\n\t\t\t<\/div><\/figure><figure class='gallery-item'>\n\t\t\t<div class='gallery-icon landscape'>\n\t\t\t\t<a href='https:\/\/www.federacaopaulistadefutsal.com.br\/novo\/definidos-os-campeoes-do-metropolitano-serie-prata-a2-e-bronze-a1\/img-20190620-wa0088\/'><img loading=\"lazy\" decoding=\"async\" width=\"800\" height=\"445\" src=\"https:\/\/www.federacaopaulistadefutsal.com.br\/novo\/wp-content\/uploads\/2019\/06\/IMG-20190620-WA0088-800x445.jpg\" class=\"attachment-colormag-featured-image size-colormag-featured-image\" alt=\"\" \/><\/a>\n\t\t\t<\/div><\/figure>\n\t\t<\/div>\n\n<p>&nbsp;<\/p>\n","protected":false},"excerpt":{"rendered":"<p>Hoje, nos Gin\u00e1sios Ciro I e II, foram realizadas as partidas que definiram os campe\u00f5es do Campeonato Metropolitano sub-12, sub-14,<\/p>\n","protected":false},"author":2,"featured_media":29914,"comment_status":"open","ping_status":"open","sticky":false,"template":"","format":"standard","meta":{"footnotes":""},"categories":[2660,33,12,19,34,2651],"tags":[2710,2747,2748,2749,472],"class_list":["post-29913","post","type-post","status-publish","format-standard","has-post-thumbnail","hentry","category-home-destaque","category-menores","category-metropolitano-base-a1","category-metropolitano-base-a2","category-metropolitano-serie-unica","category-noticias","tag-federacaopaulistadefutsal","tag-finaismetropolitano","tag-seriebronze","tag-serieprata","tag-campeoes"],"_links":{"self":[{"href":"https:\/\/www.federacaopaulistadefutsal.com.br\/novo\/wp-json\/wp\/v2\/posts\/29913","targetHints":{"allow":["GET"]}}],"collection":[{"href":"https:\/\/www.federacaopaulistadefutsal.com.br\/novo\/wp-json\/wp\/v2\/posts"}],"about":[{"href":"https:\/\/www.federacaopaulistadefutsal.com.br\/novo\/wp-json\/wp\/v2\/types\/post"}],"author":[{"embeddable":true,"href":"https:\/\/www.federacaopaulistadefutsal.com.br\/novo\/wp-json\/wp\/v2\/users\/2"}],"replies":[{"embeddable":true,"href":"https:\/\/www.federacaopaulistadefutsal.com.br\/novo\/wp-json\/wp\/v2\/comments?post=29913"}],"version-history":[{"count":1,"href":"https:\/\/www.federacaopaulistadefutsal.com.br\/novo\/wp-json\/wp\/v2\/posts\/29913\/revisions"}],"predecessor-version":[{"id":29931,"href":"https:\/\/www.federacaopaulistadefutsal.com.br\/novo\/wp-json\/wp\/v2\/posts\/29913\/revisions\/29931"}],"wp:featuredmedia":[{"embeddable":true,"href":"https:\/\/www.federacaopaulistadefutsal.com.br\/novo\/wp-json\/wp\/v2\/media\/29914"}],"wp:attachment":[{"href":"https:\/\/www.federacaopaulistadefutsal.com.br\/novo\/wp-json\/wp\/v2\/media?parent=29913"}],"wp:term":[{"taxonomy":"category","embeddable":true,"href":"https:\/\/www.federacaopaulistadefutsal.com.br\/novo\/wp-json\/wp\/v2\/categories?post=29913"},{"taxonomy":"post_tag","embeddable":true,"href":"https:\/\/www.federacaopaulistadefutsal.com.br\/novo\/wp-json\/wp\/v2\/tags?post=29913"}],"curies":[{"name":"wp","href":"https:\/\/api.w.org\/{rel}","templated":true}]}}