{"id":3009,"date":"2014-12-07T15:40:24","date_gmt":"2014-12-07T15:40:24","guid":{"rendered":"http:\/\/www.federacaopaulistadefutsal.com.br\/?p=3009"},"modified":"2014-12-07T15:40:24","modified_gmt":"2014-12-07T15:40:24","slug":"3009","status":"publish","type":"post","link":"https:\/\/www.federacaopaulistadefutsal.com.br\/novo\/3009\/","title":{"rendered":"ADC Suvinil realiza peneiras para 2015"},"content":{"rendered":"<p>A <strong>ADC BASF Suvinil<\/strong> est\u00e1 selecionando atletas para disputa dos campeonatos organizados pela Federa\u00e7\u00e3o Paulista de Futsal\u00a0 em 2015. Os atletas dever\u00e3o comparecer\u00a0 munidos de material esportivo.<br \/>\n<strong>Confira as informa\u00e7\u00f5es:<\/strong><br \/>\nLocal: ADC BASF \u2013 Avenida\u00a0 Angelo Demarchi, 40 \u2013 S.B. Campo<br \/>\n<strong>Ano de nascimento<\/strong>\u00a0\u00a0\u00a0\u00a0\u00a0\u00a0\u00a0\u00a0\u00a0\u00a0\u00a0\u00a0\u00a0\u00a0\u00a0 <strong>Hor\u00e1rio<\/strong>\u00a0\u00a0\u00a0\u00a0\u00a0\u00a0\u00a0\u00a0\u00a0\u00a0\u00a0\u00a0\u00a0\u00a0\u00a0\u00a0<strong>\u00a0\u00a0\u00a0\u00a0\u00a0\u00a0\u00a0\u00a0\u00a0\u00a0\u00a0\u00a0\u00a0 Data<\/strong><br \/>\n1998\u00a0 &#8211;\u00a0 1999 &#8211;\u00a0 2000\u00a0\u00a0\u00a0\u00a0\u00a0 \u00a0 \u00a0 \u00a0 \u00a0\u00a0\u00a0\u00a0\u00a0\u00a0\u00a0\u00a0 20h30\u00a0\u00a0\u00a0\u00a0\u00a0\u00a0\u00a0\u00a0\u00a0\u00a0\u00a0\u00a0\u00a0\u00a0\u00a0\u00a0\u00a0\u00a0\u00a0\u00a0 08.12.2014 (2\u00aa feira)<br \/>\n2001 \u2013 2002\u00a0\u00a0\u00a0\u00a0\u00a0\u00a0\u00a0\u00a0\u00a0\u00a0\u00a0\u00a0\u00a0\u00a0\u00a0\u00a0\u00a0\u00a0\u00a0 \u00a0 \u00a0 \u00a0 \u00a0\u00a0\u00a0\u00a0\u00a0\u00a0\u00a0\u00a0\u00a0 20h30\u00a0\u00a0\u00a0\u00a0\u00a0\u00a0\u00a0\u00a0\u00a0\u00a0\u00a0\u00a0\u00a0\u00a0\u00a0\u00a0\u00a0\u00a0\u00a0\u00a0 09.12.2014 (3\u00aa feira)<br \/>\n2003 \u2013 2004\u00a0\u00a0 \u00a0\u00a0\u00a0 \u00a0\u00a0\u00a0\u00a0\u00a0\u00a0\u00a0\u00a0\u00a0\u00a0\u00a0\u00a0\u00a0\u00a0\u00a0\u00a0\u00a0\u00a0\u00a0 \u00a0 \u00a0 \u00a0 \u00a0\u00a0 20h30\u00a0\u00a0\u00a0\u00a0\u00a0\u00a0\u00a0\u00a0\u00a0\u00a0\u00a0\u00a0\u00a0\u00a0\u00a0\u00a0\u00a0\u00a0\u00a0\u00a0 10.12.2014 (4\u00aa feira)<br \/>\nContatos : 9.7106-1196<br \/>\nEmail: deciobrocardo@yahoo.com.br<br \/>\nPor Assessoria FPFS<br \/>\nCom informa\u00e7\u00f5es D\u00e9cio Brocardo<\/p>\n","protected":false},"excerpt":{"rendered":"<p>A ADC BASF Suvinil est\u00e1 selecionando atletas para disputa dos campeonatos organizados pela Federa\u00e7\u00e3o Paulista de Futsal\u00a0 em 2015. Os<\/p>\n","protected":false},"author":1,"featured_media":0,"comment_status":"open","ping_status":"open","sticky":false,"template":"","format":"standard","meta":{"footnotes":""},"categories":[25,33],"tags":[1858,2377],"class_list":["post-3009","post","type-post","status-publish","format-standard","hentry","category-destaques","category-menores","tag-peneira","tag-suvinil"],"_links":{"self":[{"href":"https:\/\/www.federacaopaulistadefutsal.com.br\/novo\/wp-json\/wp\/v2\/posts\/3009","targetHints":{"allow":["GET"]}}],"collection":[{"href":"https:\/\/www.federacaopaulistadefutsal.com.br\/novo\/wp-json\/wp\/v2\/posts"}],"about":[{"href":"https:\/\/www.federacaopaulistadefutsal.com.br\/novo\/wp-json\/wp\/v2\/types\/post"}],"author":[{"embeddable":true,"href":"https:\/\/www.federacaopaulistadefutsal.com.br\/novo\/wp-json\/wp\/v2\/users\/1"}],"replies":[{"embeddable":true,"href":"https:\/\/www.federacaopaulistadefutsal.com.br\/novo\/wp-json\/wp\/v2\/comments?post=3009"}],"version-history":[{"count":0,"href":"https:\/\/www.federacaopaulistadefutsal.com.br\/novo\/wp-json\/wp\/v2\/posts\/3009\/revisions"}],"wp:attachment":[{"href":"https:\/\/www.federacaopaulistadefutsal.com.br\/novo\/wp-json\/wp\/v2\/media?parent=3009"}],"wp:term":[{"taxonomy":"category","embeddable":true,"href":"https:\/\/www.federacaopaulistadefutsal.com.br\/novo\/wp-json\/wp\/v2\/categories?post=3009"},{"taxonomy":"post_tag","embeddable":true,"href":"https:\/\/www.federacaopaulistadefutsal.com.br\/novo\/wp-json\/wp\/v2\/tags?post=3009"}],"curies":[{"name":"wp","href":"https:\/\/api.w.org\/{rel}","templated":true}]}}