{"id":30253,"date":"2019-07-17T23:12:08","date_gmt":"2019-07-17T23:12:08","guid":{"rendered":"http:\/\/www.federacaopaulistadefutsal.com.br\/novo\/?p=30253"},"modified":"2019-07-18T17:08:52","modified_gmt":"2019-07-18T17:08:52","slug":"representantes-da-serie-a1-reunem-se-na-sede-da-fpfs-para-reuniao-do-conselho-arbitral","status":"publish","type":"post","link":"https:\/\/www.federacaopaulistadefutsal.com.br\/novo\/representantes-da-serie-a1-reunem-se-na-sede-da-fpfs-para-reuniao-do-conselho-arbitral\/","title":{"rendered":"Representantes da S\u00e9rie A1 re\u00fanem-se na sede da FPFS para o Conselho Arbitral"},"content":{"rendered":"<p>Na tarde desta quarta-feira, 12\/7, aconteceu no audit\u00f3rio da FPFS \u2013 Federa\u00e7\u00e3o Paulista de Futsal, no centro de S\u00e3o Paulo, o Conselho Arbitral do Campeonato Estadual 2019 &#8211; Categorias de Base \u2013 Masculino \u2013 S\u00e9rie A2. A competi\u00e7\u00e3o est\u00e1 prevista para come\u00e7ar no dia 10 de Agosto.<br \/>\nA FPFS organizou a competi\u00e7\u00e3o da seguinte forma:<\/p>\n<p>28 equipes | Dois Grupos de 9 times e um com 10<\/p>\n<p>FORMATO DA COMPETI\u00c7\u00c3O<br \/>\n1\u00aa FASE DE CLASSIFICA\u00c7\u00c3O<br \/>\nPer\u00edodo de realiza\u00e7\u00e3o: de 10\/agosto \u00e0 05\/outubro<br \/>\nSer\u00e3o 9 jogos para cada equipe em turno \u00fanico<br \/>\nCLASSIFICA\u00c7\u00c3O<br \/>\n1\u00ba ao 5\u00ba dos grupos A, B e C + melhor 6\u00ba = 16 equipes<br \/>\n&gt; OITAVAS &#8211; disputa em 2 jogos para Chave Ouro\/Prata<br \/>\n2 outros 6\u00ba + 7\u00ba e 8\u00ba dos grupos A, B e C = 8 Equipes<br \/>\n&gt; QUARTAS &#8211; disputa da Chave Bronze<br \/>\n2\u00aa FASE \u2013 OITAVAS DE FINAIS<br \/>\n(Disputa de vaga Chave Ouro\/Prata)<br \/>\n2 Jogos:<br \/>\nPer\u00edodo de realiza\u00e7\u00e3o: 12 \u00e0 20\/10<br \/>\n3\u00aa FASE \u2013 QUARTAS DE FINAIS<br \/>\nOuro = 2 jogos Prata e Bronze = 1 jogo<br \/>\nPer\u00edodo de Realiza\u00e7\u00e3o: 26\/10 \u00e0 03\/11<br \/>\n4\u00aa FASE \u2013 SEMIFINAIS<br \/>\nPer\u00edodo de Realiza\u00e7\u00e3o: 09 \u00e0 17\/11<br \/>\n5\u00aa FASE \u2013 FINAIS<br \/>\nBronze = 23\/11<br \/>\nPrata = 24\/11<br \/>\nOuro &#8211; 1\u00ba Jogo = 23\/11<br \/>\n2\u00ba Jogo = 30\/11<\/p>\n<p>PRAZO DE INSCRI\u00c7\u00d5ES DE ATLETAS:<br \/>\nA inscri\u00e7\u00e3o de atletas ser\u00e1 efetuada at\u00e9 a fase de quartas de finais da competi\u00e7\u00e3o.<br \/>\nNa fase semifinal da competi\u00e7\u00e3o somente poder\u00e1 participar dos jogos atletas que tenham jogado, pelo menos 1 jogo em fase anterior da competi\u00e7\u00e3o.<\/p>\n<p>Estiveram presentes na reuni\u00e3o:<\/p>\n<p>A.A. Botucatuense<br \/>\nA.D. Santo Andr\u00e9<br \/>\nAA Banco do Brasil<br \/>\nAA Praia Grande\/Ocian PC<br \/>\nAD Indaiatuba<br \/>\nADC S\u00e3o Bernardo<br \/>\nASF\/Magnus Futsal<br \/>\nBLD\/Santo Andr\u00e9<br \/>\nC. Internacional de Regatas<br \/>\nCA Tabo\u00e3o da Serra<br \/>\nCA Tabuca Juniors<br \/>\nCE Penha<br \/>\nFAE\/Osasco\/Audax<br \/>\nLausanne Paulista FC<br \/>\nLiga Sancaetanense de Futsal<br \/>\nMogi das Cruzes FC<br \/>\nP.S. Gr\u00eamio Uni\u00e3o de Pinda\/SEMLP<br \/>\nS.E.R. Caieiras<br \/>\nSantos FC<br \/>\nS\u00e3o Caetano F.C. \/ RSF<br \/>\nS\u00e3o Jos\u00e9 Futsal<br \/>\nS\u00e3o Paulo FC<br \/>\nSC Corinthians Paulista<br \/>\nSE Elite Itaquerense<br \/>\nSE Palmeiras<br \/>\nSele\u00e7\u00e3o Itapeviense de Futsal<br \/>\nWIMPRO Menores\/Guarulhos<\/p>\n<p>Instituto Cidadania Ra\u00edzes\/Barueri E.F. e C.A. Juventus pediram licen\u00e7a da competi\u00e7\u00e3o.<\/p>\n","protected":false},"excerpt":{"rendered":"<p>Na tarde desta quarta-feira, 12\/7, aconteceu no audit\u00f3rio da FPFS \u2013 Federa\u00e7\u00e3o Paulista de Futsal, no centro de S\u00e3o Paulo,<\/p>\n","protected":false},"author":2,"featured_media":30255,"comment_status":"open","ping_status":"open","sticky":false,"template":"","format":"standard","meta":{"footnotes":""},"categories":[2660,25,2662,8,33,2651],"tags":[2795,2770,2744,2710,2716],"class_list":["post-30253","post","type-post","status-publish","format-standard","has-post-thumbnail","hentry","category-home-destaque","category-destaques","category-homeparte3","category-estadual-base-a1","category-menores","category-noticias","tag-eatadualbasea1","tag-estadualdebase","tag-federacaopaulistadefut","tag-federacaopaulistadefutsal","tag-futsalpaulista"],"_links":{"self":[{"href":"https:\/\/www.federacaopaulistadefutsal.com.br\/novo\/wp-json\/wp\/v2\/posts\/30253","targetHints":{"allow":["GET"]}}],"collection":[{"href":"https:\/\/www.federacaopaulistadefutsal.com.br\/novo\/wp-json\/wp\/v2\/posts"}],"about":[{"href":"https:\/\/www.federacaopaulistadefutsal.com.br\/novo\/wp-json\/wp\/v2\/types\/post"}],"author":[{"embeddable":true,"href":"https:\/\/www.federacaopaulistadefutsal.com.br\/novo\/wp-json\/wp\/v2\/users\/2"}],"replies":[{"embeddable":true,"href":"https:\/\/www.federacaopaulistadefutsal.com.br\/novo\/wp-json\/wp\/v2\/comments?post=30253"}],"version-history":[{"count":4,"href":"https:\/\/www.federacaopaulistadefutsal.com.br\/novo\/wp-json\/wp\/v2\/posts\/30253\/revisions"}],"predecessor-version":[{"id":30263,"href":"https:\/\/www.federacaopaulistadefutsal.com.br\/novo\/wp-json\/wp\/v2\/posts\/30253\/revisions\/30263"}],"wp:featuredmedia":[{"embeddable":true,"href":"https:\/\/www.federacaopaulistadefutsal.com.br\/novo\/wp-json\/wp\/v2\/media\/30255"}],"wp:attachment":[{"href":"https:\/\/www.federacaopaulistadefutsal.com.br\/novo\/wp-json\/wp\/v2\/media?parent=30253"}],"wp:term":[{"taxonomy":"category","embeddable":true,"href":"https:\/\/www.federacaopaulistadefutsal.com.br\/novo\/wp-json\/wp\/v2\/categories?post=30253"},{"taxonomy":"post_tag","embeddable":true,"href":"https:\/\/www.federacaopaulistadefutsal.com.br\/novo\/wp-json\/wp\/v2\/tags?post=30253"}],"curies":[{"name":"wp","href":"https:\/\/api.w.org\/{rel}","templated":true}]}}