{"id":30441,"date":"2019-08-11T19:32:18","date_gmt":"2019-08-11T19:32:18","guid":{"rendered":"http:\/\/www.federacaopaulistadefutsal.com.br\/novo\/?p=30441"},"modified":"2019-08-11T19:33:18","modified_gmt":"2019-08-11T19:33:18","slug":"nota-de-falecimento-morre-aos-27-anos-douglas-nunes-da-silva-o-pivo-atuava-pelo-s-c-corinthians-paulista-futsal","status":"publish","type":"post","link":"https:\/\/www.federacaopaulistadefutsal.com.br\/novo\/nota-de-falecimento-morre-aos-27-anos-douglas-nunes-da-silva-o-pivo-atuava-pelo-s-c-corinthians-paulista-futsal\/","title":{"rendered":"NOTA DE FALECIMENTO: MORRE AOS 27 ANOS, DOUGLAS NUNES DA SILVA, O PIV\u00d4 ATUAVA PELO S.C CORINTHIANS PAULISTA FUTSAL"},"content":{"rendered":"<p>A Federa\u00e7\u00e3o Paulista de Futsal (FPFS), entidade que administra e organiza o esporte das quadras em S\u00e3o Paulo, atrav\u00e9s deste espa\u00e7o, informa, com muito pesar, o falecimento de Douglas Nunes da Silva, o piv\u00f4 era da equipe S.C Corinthians Paulista Futsal.<\/p>\n<p>O Piv\u00f4 faleceu neste domingo (11) em respeito aos amigos e familiares, a Federa\u00e7\u00e3o Paulista de Futsal (FPFS), presta sua solidariedade e reconhece a import\u00e2ncia do salonista para o desenvolvimento da modalidade e, principalmente, est\u00e1 de luto pela perda.<\/p>\n<p>&nbsp;<\/p>\n","protected":false},"excerpt":{"rendered":"<p>A Federa\u00e7\u00e3o Paulista de Futsal (FPFS), entidade que administra e organiza o esporte das quadras em S\u00e3o Paulo, atrav\u00e9s deste<\/p>\n","protected":false},"author":2,"featured_media":29960,"comment_status":"open","ping_status":"open","sticky":false,"template":"","format":"standard","meta":{"footnotes":""},"categories":[22,25,2651,4],"tags":[2710,660,2716],"class_list":["post-30441","post","type-post","status-publish","format-standard","has-post-thumbnail","hentry","category-comunicado","category-destaques","category-noticias","category-topo-noticias","tag-federacaopaulistadefutsal","tag-comunicado","tag-futsalpaulista"],"_links":{"self":[{"href":"https:\/\/www.federacaopaulistadefutsal.com.br\/novo\/wp-json\/wp\/v2\/posts\/30441","targetHints":{"allow":["GET"]}}],"collection":[{"href":"https:\/\/www.federacaopaulistadefutsal.com.br\/novo\/wp-json\/wp\/v2\/posts"}],"about":[{"href":"https:\/\/www.federacaopaulistadefutsal.com.br\/novo\/wp-json\/wp\/v2\/types\/post"}],"author":[{"embeddable":true,"href":"https:\/\/www.federacaopaulistadefutsal.com.br\/novo\/wp-json\/wp\/v2\/users\/2"}],"replies":[{"embeddable":true,"href":"https:\/\/www.federacaopaulistadefutsal.com.br\/novo\/wp-json\/wp\/v2\/comments?post=30441"}],"version-history":[{"count":1,"href":"https:\/\/www.federacaopaulistadefutsal.com.br\/novo\/wp-json\/wp\/v2\/posts\/30441\/revisions"}],"predecessor-version":[{"id":30442,"href":"https:\/\/www.federacaopaulistadefutsal.com.br\/novo\/wp-json\/wp\/v2\/posts\/30441\/revisions\/30442"}],"wp:featuredmedia":[{"embeddable":true,"href":"https:\/\/www.federacaopaulistadefutsal.com.br\/novo\/wp-json\/wp\/v2\/media\/29960"}],"wp:attachment":[{"href":"https:\/\/www.federacaopaulistadefutsal.com.br\/novo\/wp-json\/wp\/v2\/media?parent=30441"}],"wp:term":[{"taxonomy":"category","embeddable":true,"href":"https:\/\/www.federacaopaulistadefutsal.com.br\/novo\/wp-json\/wp\/v2\/categories?post=30441"},{"taxonomy":"post_tag","embeddable":true,"href":"https:\/\/www.federacaopaulistadefutsal.com.br\/novo\/wp-json\/wp\/v2\/tags?post=30441"}],"curies":[{"name":"wp","href":"https:\/\/api.w.org\/{rel}","templated":true}]}}