{"id":30476,"date":"2019-08-15T18:14:02","date_gmt":"2019-08-15T18:14:02","guid":{"rendered":"http:\/\/www.federacaopaulistadefutsal.com.br\/novo\/?p=30476"},"modified":"2019-08-15T18:14:02","modified_gmt":"2019-08-15T18:14:02","slug":"nota-de-falecimento-morre-aos-79-anos-aecio-aragao-figueira-ex-atleta-da-selecao-paulista-e-brasileira","status":"publish","type":"post","link":"https:\/\/www.federacaopaulistadefutsal.com.br\/novo\/nota-de-falecimento-morre-aos-79-anos-aecio-aragao-figueira-ex-atleta-da-selecao-paulista-e-brasileira\/","title":{"rendered":"NOTA DE FALECIMENTO: MORRE AOS 79 ANOS, A\u00c9CIO ARAG\u00c3O FIGUEIRA, EX- ATLETA DA SELE\u00c7\u00c3O PAULISTA E BRASILEIRA"},"content":{"rendered":"<p>A Federa\u00e7\u00e3o Paulista de Futsal (FPFS), entidade que administra e organiza o esporte das quadras em S\u00e3o Paulo, atrav\u00e9s deste espa\u00e7o, informa, com muito pesar, o falecimento de A\u00e9cio Arag\u00e3o Figueira, considerado por muitos um dos melhores jogadores de futebol de sal\u00e3o na d\u00e9cada de 70. Envergou a camisa da Sele\u00e7\u00e3o Brasileira, Sele\u00e7\u00e3o Paulista, Sele\u00e7\u00e3o Carioca, Sociedade Esportiva Palmeiras, A. A. Vila Isabel, dentre outros clubes.<\/p>\n<p>Em respeito aos amigos e familiares, a FPFS, presta sua solidariedade e reconhece a import\u00e2ncia do salonista para o desenvolvimento da modalidade e, principalmente, est\u00e1 de luto pela perda.<\/p>\n","protected":false},"excerpt":{"rendered":"<p>A Federa\u00e7\u00e3o Paulista de Futsal (FPFS), entidade que administra e organiza o esporte das quadras em S\u00e3o Paulo, atrav\u00e9s deste<\/p>\n","protected":false},"author":2,"featured_media":30480,"comment_status":"open","ping_status":"open","sticky":false,"template":"","format":"standard","meta":{"footnotes":""},"categories":[2660,25,28,2651],"tags":[],"class_list":["post-30476","post","type-post","status-publish","format-standard","has-post-thumbnail","hentry","category-home-destaque","category-destaques","category-fpfs-acontece","category-noticias"],"_links":{"self":[{"href":"https:\/\/www.federacaopaulistadefutsal.com.br\/novo\/wp-json\/wp\/v2\/posts\/30476","targetHints":{"allow":["GET"]}}],"collection":[{"href":"https:\/\/www.federacaopaulistadefutsal.com.br\/novo\/wp-json\/wp\/v2\/posts"}],"about":[{"href":"https:\/\/www.federacaopaulistadefutsal.com.br\/novo\/wp-json\/wp\/v2\/types\/post"}],"author":[{"embeddable":true,"href":"https:\/\/www.federacaopaulistadefutsal.com.br\/novo\/wp-json\/wp\/v2\/users\/2"}],"replies":[{"embeddable":true,"href":"https:\/\/www.federacaopaulistadefutsal.com.br\/novo\/wp-json\/wp\/v2\/comments?post=30476"}],"version-history":[{"count":2,"href":"https:\/\/www.federacaopaulistadefutsal.com.br\/novo\/wp-json\/wp\/v2\/posts\/30476\/revisions"}],"predecessor-version":[{"id":30482,"href":"https:\/\/www.federacaopaulistadefutsal.com.br\/novo\/wp-json\/wp\/v2\/posts\/30476\/revisions\/30482"}],"wp:featuredmedia":[{"embeddable":true,"href":"https:\/\/www.federacaopaulistadefutsal.com.br\/novo\/wp-json\/wp\/v2\/media\/30480"}],"wp:attachment":[{"href":"https:\/\/www.federacaopaulistadefutsal.com.br\/novo\/wp-json\/wp\/v2\/media?parent=30476"}],"wp:term":[{"taxonomy":"category","embeddable":true,"href":"https:\/\/www.federacaopaulistadefutsal.com.br\/novo\/wp-json\/wp\/v2\/categories?post=30476"},{"taxonomy":"post_tag","embeddable":true,"href":"https:\/\/www.federacaopaulistadefutsal.com.br\/novo\/wp-json\/wp\/v2\/tags?post=30476"}],"curies":[{"name":"wp","href":"https:\/\/api.w.org\/{rel}","templated":true}]}}