{"id":30507,"date":"2019-08-22T12:55:16","date_gmt":"2019-08-22T12:55:16","guid":{"rendered":"http:\/\/www.federacaopaulistadefutsal.com.br\/novo\/?p=30507"},"modified":"2019-08-22T12:55:16","modified_gmt":"2019-08-22T12:55:16","slug":"cbfs-realiza-sorteio-das-semifinais-da-copa-do-brasil","status":"publish","type":"post","link":"https:\/\/www.federacaopaulistadefutsal.com.br\/novo\/cbfs-realiza-sorteio-das-semifinais-da-copa-do-brasil\/","title":{"rendered":"CBFS REALIZA SORTEIO DAS SEMIFINAIS DA COPA DO BRASIL"},"content":{"rendered":"<p>Nesta \u00faltima ter\u00e7a-feira, 20\/08, na sede da CBFS, em Fortaleza-CE, foram definidos os confrontos das semifinais da Copa do Brasil.<\/p>\n<p>A equipe do Pato Futsal ir\u00e1 enfrentar o Horizonte-CE, j\u00e1 o outro duelo ser\u00e1 entre o Marreco-PR e o vencedor de S.C Corinthians Futsal e Balsas Futsal-MA<\/p>\n<p>Os confrontos de ida ir\u00e3o acontecer nos dias 21 ou 22 de setembro, j\u00e1 as partidas da volta, nos dias 05 ou 06 de outubro. No pr\u00f3ximo dia 13, o S.C Corinthians Futsal (SP) recebe o Balsas Futsal (MA), no Parque S\u00e3o Jorge e, o confronto definir\u00e1 o \u00faltimo classificado para as semifinais, a primeira partida terminou empatada em 2 a 2.<\/p>\n","protected":false},"excerpt":{"rendered":"<p>Nesta \u00faltima ter\u00e7a-feira, 20\/08, na sede da CBFS, em Fortaleza-CE, foram definidos os confrontos das semifinais da Copa do Brasil.<\/p>\n","protected":false},"author":2,"featured_media":29719,"comment_status":"open","ping_status":"open","sticky":false,"template":"","format":"standard","meta":{"footnotes":""},"categories":[2660,32,2651,1],"tags":[2739,2710,2716],"class_list":["post-30507","post","type-post","status-publish","format-standard","has-post-thumbnail","hentry","category-home-destaque","category-maiores","category-noticias","category-novidades","tag-copadobrasil","tag-federacaopaulistadefutsal","tag-futsalpaulista"],"_links":{"self":[{"href":"https:\/\/www.federacaopaulistadefutsal.com.br\/novo\/wp-json\/wp\/v2\/posts\/30507","targetHints":{"allow":["GET"]}}],"collection":[{"href":"https:\/\/www.federacaopaulistadefutsal.com.br\/novo\/wp-json\/wp\/v2\/posts"}],"about":[{"href":"https:\/\/www.federacaopaulistadefutsal.com.br\/novo\/wp-json\/wp\/v2\/types\/post"}],"author":[{"embeddable":true,"href":"https:\/\/www.federacaopaulistadefutsal.com.br\/novo\/wp-json\/wp\/v2\/users\/2"}],"replies":[{"embeddable":true,"href":"https:\/\/www.federacaopaulistadefutsal.com.br\/novo\/wp-json\/wp\/v2\/comments?post=30507"}],"version-history":[{"count":1,"href":"https:\/\/www.federacaopaulistadefutsal.com.br\/novo\/wp-json\/wp\/v2\/posts\/30507\/revisions"}],"predecessor-version":[{"id":30508,"href":"https:\/\/www.federacaopaulistadefutsal.com.br\/novo\/wp-json\/wp\/v2\/posts\/30507\/revisions\/30508"}],"wp:featuredmedia":[{"embeddable":true,"href":"https:\/\/www.federacaopaulistadefutsal.com.br\/novo\/wp-json\/wp\/v2\/media\/29719"}],"wp:attachment":[{"href":"https:\/\/www.federacaopaulistadefutsal.com.br\/novo\/wp-json\/wp\/v2\/media?parent=30507"}],"wp:term":[{"taxonomy":"category","embeddable":true,"href":"https:\/\/www.federacaopaulistadefutsal.com.br\/novo\/wp-json\/wp\/v2\/categories?post=30507"},{"taxonomy":"post_tag","embeddable":true,"href":"https:\/\/www.federacaopaulistadefutsal.com.br\/novo\/wp-json\/wp\/v2\/tags?post=30507"}],"curies":[{"name":"wp","href":"https:\/\/api.w.org\/{rel}","templated":true}]}}