{"id":3052,"date":"2014-12-10T15:08:42","date_gmt":"2014-12-10T15:08:42","guid":{"rendered":"http:\/\/www.federacaopaulistadefutsal.com.br\/?p=3052"},"modified":"2014-12-10T15:08:42","modified_gmt":"2014-12-10T15:08:42","slug":"intelli-enfrenta-corinthians-pela-semifinal-da-liga-paulista","status":"publish","type":"post","link":"https:\/\/www.federacaopaulistadefutsal.com.br\/novo\/intelli-enfrenta-corinthians-pela-semifinal-da-liga-paulista\/","title":{"rendered":"Intelli enfrenta Corinthians pela semifinal da Liga Paulista"},"content":{"rendered":"<p>Nesta quarta-feira (10), Corinthians e Intelli entram em quadra pela primeira partida das semifinais da Liga Paulista de Futsal, que acontece no gin\u00e1sio do Parque S\u00e3o Jorge, a partir das 19h15. A partida ser\u00e1 transmitida ao vivo pelo canal SporTV e pelas r\u00e1dios Gazeta FM e ORC.<br \/>\nAp\u00f3s os incidentes ocorridos na partida entre as equipes na Liga Futsal, para essas semifinais ficou definido que apenas metade da capacidade de p\u00fablico ser\u00e1 preenchida, tanto na partida da capital quanto no jogo de volta, que acontece em Orl\u00e2ndia, no gin\u00e1sio Maur\u00edcio Leite de Moraes, na pr\u00f3xima sexta-feira (12).<br \/>\n<strong>INGRESSOS<\/strong><br \/>\nOs ingressos para a partida de volta ser\u00e3o trocados por um litro de leite e estar\u00e3o dispon\u00edveis na ADC Intelli Store, a partir desta quinta-feira (11), das 10h00 \u00e0s 18h00, e conforme determinado, apenas 500 ingressos estar\u00e3o dispon\u00edveis, ou seja, metade da capacidade do Maur\u00edcio Leite de Moraes.<br \/>\n<strong>S\u00f3cio Torcedor:<\/strong> Os s\u00f3cios torcedores ter\u00e3o acesso normal ao gin\u00e1sio, sem necessidade de senha, por\u00e9m ter\u00e3o que obrigatoriamente, apresentar o cart\u00e3o de s\u00f3cio torcedor na entrada do gin\u00e1sio.<br \/>\n<strong>ADC Intelli Store<\/strong>: Avenida 11, 731 Centro \u2013 Orl\u00e2ndia &#8211; SP<br \/>\nPor Assessoria FPFS<br \/>\nCom informa\u00e7\u00f5es Assessoria ADC\/Intelli<\/p>\n","protected":false},"excerpt":{"rendered":"<p>Nesta quarta-feira (10), Corinthians e Intelli entram em quadra pela primeira partida das semifinais da Liga Paulista de Futsal, que<\/p>\n","protected":false},"author":1,"featured_media":3053,"comment_status":"open","ping_status":"open","sticky":false,"template":"","format":"standard","meta":{"footnotes":""},"categories":[25,31],"tags":[734,1323,2263],"class_list":["post-3052","post","type-post","status-publish","format-standard","has-post-thumbnail","hentry","category-destaques","category-liga-paulista-de-futsal","tag-corinthians","tag-intelli","tag-semifinais"],"_links":{"self":[{"href":"https:\/\/www.federacaopaulistadefutsal.com.br\/novo\/wp-json\/wp\/v2\/posts\/3052","targetHints":{"allow":["GET"]}}],"collection":[{"href":"https:\/\/www.federacaopaulistadefutsal.com.br\/novo\/wp-json\/wp\/v2\/posts"}],"about":[{"href":"https:\/\/www.federacaopaulistadefutsal.com.br\/novo\/wp-json\/wp\/v2\/types\/post"}],"author":[{"embeddable":true,"href":"https:\/\/www.federacaopaulistadefutsal.com.br\/novo\/wp-json\/wp\/v2\/users\/1"}],"replies":[{"embeddable":true,"href":"https:\/\/www.federacaopaulistadefutsal.com.br\/novo\/wp-json\/wp\/v2\/comments?post=3052"}],"version-history":[{"count":0,"href":"https:\/\/www.federacaopaulistadefutsal.com.br\/novo\/wp-json\/wp\/v2\/posts\/3052\/revisions"}],"wp:featuredmedia":[{"embeddable":true,"href":"https:\/\/www.federacaopaulistadefutsal.com.br\/novo\/wp-json\/wp\/v2\/media\/3053"}],"wp:attachment":[{"href":"https:\/\/www.federacaopaulistadefutsal.com.br\/novo\/wp-json\/wp\/v2\/media?parent=3052"}],"wp:term":[{"taxonomy":"category","embeddable":true,"href":"https:\/\/www.federacaopaulistadefutsal.com.br\/novo\/wp-json\/wp\/v2\/categories?post=3052"},{"taxonomy":"post_tag","embeddable":true,"href":"https:\/\/www.federacaopaulistadefutsal.com.br\/novo\/wp-json\/wp\/v2\/tags?post=3052"}],"curies":[{"name":"wp","href":"https:\/\/api.w.org\/{rel}","templated":true}]}}