{"id":30567,"date":"2019-08-29T10:45:13","date_gmt":"2019-08-29T10:45:13","guid":{"rendered":"http:\/\/www.federacaopaulistadefutsal.com.br\/novo\/?p=30567"},"modified":"2019-08-29T10:45:13","modified_gmt":"2019-08-29T10:45:13","slug":"selecao-brasileira-de-futsal-anuncia-convocados-para-o-torneio-all-star-em-miami","status":"publish","type":"post","link":"https:\/\/www.federacaopaulistadefutsal.com.br\/novo\/selecao-brasileira-de-futsal-anuncia-convocados-para-o-torneio-all-star-em-miami\/","title":{"rendered":"SELE\u00c7\u00c3O BRASILEIRA DE FUTSAL ANUNCIA CONVOCADOS PARA O TORNEIO ALL-STAR, EM MIAMI"},"content":{"rendered":"<p>Nesta \u00faltima ter\u00e7a-feira, 27\/08, foi anunciada a lista de convocados para o torneio All-Star, que ocorrer\u00e1 em Miami, n\u00f3s dias 23 e 24 de setembro.<\/p>\n<p>Podendo convocar tanto os jogadores que atuam no futebol europeu, quanto no futebol brasileiro, o t\u00e9cnico Marquinhos Xavier procurou formar uma equipe mesclada para este torneio.<\/p>\n<p>A lista conta com alguns nomes de destaque do futebol europeu, como o Piv\u00f4 Ferr\u00e3o, que atua no Barcelona e o Ala Bateria, que joga no Cartagena, os dois jogadores s\u00e3o destaques no futebol espanhol, outro nome de destaque e que tem uma vasta experi\u00eancia na sele\u00e7\u00e3o \u00e9 o do Fixo Rodrigo, do Magnus.<\/p>\n<p>Al\u00e9m do Brasil, os outros participantes do Futsal All-Star, s\u00e3o as sele\u00e7\u00f5es da Argentina, Estados Unidos e M\u00e9xico. O torneio ser\u00e1 disputado no formato mata-mata, com disputa de terceiro lugar e final no dia seguinte. No dia 23, jogam Brasil e M\u00e9xico \u00e0s 20h (Hor\u00e1rio de Bras\u00edlia). Quem passar pega o vencedor de Argentina e Estados Unidos, que se enfrentam \u00e0s 22h do mesmo dia.<\/p>\n<p>Os convocados<\/p>\n<p>Goleiros:\u00a0Guitta (Sporting \u2013 POR) e Roncaglio (Benfica \u2013 POR);<br \/>\nFixos:\u00a0Rodrigo (Sorocaba) e Marlon (Inter Movistar \u2013 ESP);<br \/>\nAlas:\u00a0Leandro Lino (Sorocaba), Gadeia (Inter Movistar \u2013 ESP), Danilo Baron (Sorocaba), Bruno (Joinville), Bateria (Jimbee Cartagena \u2013 ESP), Daniel Japon\u00eas (Barcelona \u2013 ESP) e Dyego (Barcelona \u2013 ESP);<br \/>\nPiv\u00f4s:\u00a0Pito (Inter Movistar \u2013 ESP), Fits (Benfica \u2013 POR) e Ferr\u00e3o (Barcelona \u2013 ESP).<\/p>\n<p>&nbsp;<\/p>\n","protected":false},"excerpt":{"rendered":"<p>Nesta \u00faltima ter\u00e7a-feira, 27\/08, foi anunciada a lista de convocados para o torneio All-Star, que ocorrer\u00e1 em Miami, n\u00f3s dias<\/p>\n","protected":false},"author":2,"featured_media":30568,"comment_status":"open","ping_status":"open","sticky":false,"template":"","format":"standard","meta":{"footnotes":""},"categories":[2660,2651,1,35],"tags":[2710,563,2239],"class_list":["post-30567","post","type-post","status-publish","format-standard","has-post-thumbnail","hentry","category-home-destaque","category-noticias","category-novidades","category-selecao","tag-federacaopaulistadefutsal","tag-cbfs","tag-selecao"],"_links":{"self":[{"href":"https:\/\/www.federacaopaulistadefutsal.com.br\/novo\/wp-json\/wp\/v2\/posts\/30567","targetHints":{"allow":["GET"]}}],"collection":[{"href":"https:\/\/www.federacaopaulistadefutsal.com.br\/novo\/wp-json\/wp\/v2\/posts"}],"about":[{"href":"https:\/\/www.federacaopaulistadefutsal.com.br\/novo\/wp-json\/wp\/v2\/types\/post"}],"author":[{"embeddable":true,"href":"https:\/\/www.federacaopaulistadefutsal.com.br\/novo\/wp-json\/wp\/v2\/users\/2"}],"replies":[{"embeddable":true,"href":"https:\/\/www.federacaopaulistadefutsal.com.br\/novo\/wp-json\/wp\/v2\/comments?post=30567"}],"version-history":[{"count":1,"href":"https:\/\/www.federacaopaulistadefutsal.com.br\/novo\/wp-json\/wp\/v2\/posts\/30567\/revisions"}],"predecessor-version":[{"id":30569,"href":"https:\/\/www.federacaopaulistadefutsal.com.br\/novo\/wp-json\/wp\/v2\/posts\/30567\/revisions\/30569"}],"wp:featuredmedia":[{"embeddable":true,"href":"https:\/\/www.federacaopaulistadefutsal.com.br\/novo\/wp-json\/wp\/v2\/media\/30568"}],"wp:attachment":[{"href":"https:\/\/www.federacaopaulistadefutsal.com.br\/novo\/wp-json\/wp\/v2\/media?parent=30567"}],"wp:term":[{"taxonomy":"category","embeddable":true,"href":"https:\/\/www.federacaopaulistadefutsal.com.br\/novo\/wp-json\/wp\/v2\/categories?post=30567"},{"taxonomy":"post_tag","embeddable":true,"href":"https:\/\/www.federacaopaulistadefutsal.com.br\/novo\/wp-json\/wp\/v2\/tags?post=30567"}],"curies":[{"name":"wp","href":"https:\/\/api.w.org\/{rel}","templated":true}]}}