{"id":30634,"date":"2019-09-01T19:13:56","date_gmt":"2019-09-01T19:13:56","guid":{"rendered":"http:\/\/www.federacaopaulistadefutsal.com.br\/novo\/?p=30634"},"modified":"2019-09-01T19:13:56","modified_gmt":"2019-09-01T19:13:56","slug":"1-setembro-dia-do-profissional-de-educacao-fisica","status":"publish","type":"post","link":"https:\/\/www.federacaopaulistadefutsal.com.br\/novo\/1-setembro-dia-do-profissional-de-educacao-fisica\/","title":{"rendered":"1\u00b0 Setembro: Dia do Profissional de Educa\u00e7\u00e3o F\u00edsica"},"content":{"rendered":"<p>A profiss\u00e3o que mant\u00e9m o nosso corpo em a\u00e7\u00e3o e saud\u00e1vel, \u00e9 comemorado no dia de hoje, o profissional que nos ensina valores como o trabalho em grupo, respeito as regras e manter sempre a motiva\u00e7\u00e3o em alto n\u00edvel, tem um papel fundamental para a nossa sociedade atual, que nos \u00faltimos anos vem tendo uma proje\u00e7\u00e3o alt\u00edssima.<\/p>\n<p>Esta data comemorativa est\u00e1 em vigor desde 1\u00b0Setembro de 1998, que regularizou a n\u00edvel federal, a fun\u00e7\u00e3o do Profissional de Educa\u00e7\u00e3o F\u00edsica.<\/p>\n<p>A FPFS, Federa\u00e7\u00e3o Paulista de Futsal, parabeniza todos os profissionais de Educa\u00e7\u00e3o F\u00edsica e do futsal em geral, por esta data important\u00edssima e que \u00e9 um corpo fundamental da nossa institui\u00e7\u00e3o.<\/p>\n","protected":false},"excerpt":{"rendered":"<p>A profiss\u00e3o que mant\u00e9m o nosso corpo em a\u00e7\u00e3o e saud\u00e1vel, \u00e9 comemorado no dia de hoje, o profissional que<\/p>\n","protected":false},"author":2,"featured_media":30635,"comment_status":"open","ping_status":"open","sticky":false,"template":"","format":"standard","meta":{"footnotes":""},"categories":[25,2651,1],"tags":[2812,2813,2710],"class_list":["post-30634","post","type-post","status-publish","format-standard","has-post-thumbnail","hentry","category-destaques","category-noticias","category-novidades","tag-1desetembro","tag-educacaofisica","tag-federacaopaulistadefutsal"],"_links":{"self":[{"href":"https:\/\/www.federacaopaulistadefutsal.com.br\/novo\/wp-json\/wp\/v2\/posts\/30634","targetHints":{"allow":["GET"]}}],"collection":[{"href":"https:\/\/www.federacaopaulistadefutsal.com.br\/novo\/wp-json\/wp\/v2\/posts"}],"about":[{"href":"https:\/\/www.federacaopaulistadefutsal.com.br\/novo\/wp-json\/wp\/v2\/types\/post"}],"author":[{"embeddable":true,"href":"https:\/\/www.federacaopaulistadefutsal.com.br\/novo\/wp-json\/wp\/v2\/users\/2"}],"replies":[{"embeddable":true,"href":"https:\/\/www.federacaopaulistadefutsal.com.br\/novo\/wp-json\/wp\/v2\/comments?post=30634"}],"version-history":[{"count":1,"href":"https:\/\/www.federacaopaulistadefutsal.com.br\/novo\/wp-json\/wp\/v2\/posts\/30634\/revisions"}],"predecessor-version":[{"id":30636,"href":"https:\/\/www.federacaopaulistadefutsal.com.br\/novo\/wp-json\/wp\/v2\/posts\/30634\/revisions\/30636"}],"wp:featuredmedia":[{"embeddable":true,"href":"https:\/\/www.federacaopaulistadefutsal.com.br\/novo\/wp-json\/wp\/v2\/media\/30635"}],"wp:attachment":[{"href":"https:\/\/www.federacaopaulistadefutsal.com.br\/novo\/wp-json\/wp\/v2\/media?parent=30634"}],"wp:term":[{"taxonomy":"category","embeddable":true,"href":"https:\/\/www.federacaopaulistadefutsal.com.br\/novo\/wp-json\/wp\/v2\/categories?post=30634"},{"taxonomy":"post_tag","embeddable":true,"href":"https:\/\/www.federacaopaulistadefutsal.com.br\/novo\/wp-json\/wp\/v2\/tags?post=30634"}],"curies":[{"name":"wp","href":"https:\/\/api.w.org\/{rel}","templated":true}]}}