{"id":30836,"date":"2019-09-21T23:34:01","date_gmt":"2019-09-21T23:34:01","guid":{"rendered":"http:\/\/www.federacaopaulistadefutsal.com.br\/novo\/?p=30836"},"modified":"2019-09-23T18:17:05","modified_gmt":"2019-09-23T18:17:05","slug":"final-de-semana-dos-campeoes-serie-ouro-a2-tem-novos-vencedores-pelo-campeonato-estadual-sub-08-sub-09-e-sub-10","status":"publish","type":"post","link":"https:\/\/www.federacaopaulistadefutsal.com.br\/novo\/final-de-semana-dos-campeoes-serie-ouro-a2-tem-novos-vencedores-pelo-campeonato-estadual-sub-08-sub-09-e-sub-10\/","title":{"rendered":"FINAL DE SEMANA DOS CAMPE\u00d5ES: S\u00c9RIE OURO A2 TEM NOVOS VENCEDORES PELO CAMPEONATO ESTADUAL SUB-08, SUB-09 E SUB-10"},"content":{"rendered":"<p>Hoje, 21\/09, ocorreram tr\u00eas partidas que definiram os campe\u00f5es do Campeonato Estadual, s\u00e9rie Ouro A2. Destaque para o S.C Corinthians Futsal que venceu duas das tr\u00eas finais disputadas neste s\u00e1bado. As finais foram disputadas na casa do futsal paulista, no Gin\u00e1sio Presidente Ciro II.<\/p>\n<p>SUB-08<br \/>\nA primeira partida do dia foi entre S.C Corinthians Futsal e Santos F.C, \u00e0s 9h, pelo sub-08. As finais da s\u00e9rie ouro s\u00e3o disputadas em duas partidas, a primeira que ocorreu no \u00faltimo dia 14\/09, no Gin\u00e1sio Presidente Ciro II, terminou empatada em 2 a 2 com o mando do Tim\u00e3ozinho. Hoje, tamb\u00e9m no Gin\u00e1sio Ciro II, mas com mando do Santos, o Corinthians abriu o placar cedo, em menos de 3 minutos, j\u00e1 estava 1 a 0, logo em seguida, ampliaram o placar. A equipe santista respondeu r\u00e1pido, aos 7 min j\u00e1 diminu\u00edram o placar, mas o Tim\u00e3ozinho soube segurar a press\u00e3o e garantir o t\u00edtulo da categoria. Gols de Jo\u00e3o Pedro e Rafael Tetsuo pelo Corinthians, e pelo peixe o camisa 11 Isaac Alves diminuiu o placar.<\/p>\n<p>SUB-09<br \/>\nA segunda partida do dia foi entre Santos F.C e S.E Palmeiras, \u00e0s 10h15, pelo sub-09. A primeira partida entre as duas equipes foi no \u00faltimo dia 14\/09, com mando da equipe alviverde, que perdeu a partida por 2 a 1, neste s\u00e1bado ocorreu outra vit\u00f3ria do peixe sobre o Palmeiras, desta vez, por 2 a 0, garantindo assim o t\u00edtulo da s\u00e9rie ouro A2. Os gols do Santos foram marcados pelo camisa 8 Arthur Rodrigues aos 15 min e pelo camisa 11 Nicolas Yudi aos 18 min. Os meninos da vila chegaram a duas finais na s\u00e9rie Ouro, neste final de semana.<\/p>\n<p>SUB-10<br \/>\nA terceira e \u00faltima partida do dia ocorreu \u00e0s 11h30, entre o S.C Corinthians Futsal e S.E Palmeiras, o cl\u00e1ssico paulista \u00e9 importante e disputado do inicia\u00e7\u00e3o ao profissional. A primeira partida foi no dia 14\/09, com mando s\u00f3 Palmeiras que perdeu por 3 a 1 para o Corinthians, neste s\u00e1bado n\u00e3o foi diferente, a partida teve placar apertado de 2 a 1, a equipe alviverde abriu o placar com o camisa 2 Samuel Enzo, aos 6 minutos de jogo, j\u00e1 os gols do Corinthians foram do camisa 12 Lucca Arcolini aos 14 minutos e aos 15 minutos de jogo o camisa 9 Leonardo Amista para a virar a partida. Sendo que pouco tempo antes, o camisa 9 do Palmeiras, Breno de Paula levou o cart\u00e3o vermelho.<\/p>\n<p>ARTILHEIROS<br \/>\nNeste Campeonato Estadual 2019, foi um show da garotada, confira os artilheiros de cada categoria:<\/p>\n<p>SUB-08<br \/>\n1\u00b0 Bernardo Silveira Soares Domingues &#8211; 32 gols &#8211; Santos F.C<br \/>\n2\u00b0 Jo\u00e3o Pedro Oliveira Sales &#8211; 27 gols &#8211; S.C Corinthians Futsal<br \/>\n3\u00b0 Lucas Nunes da Silva &#8211; 25 gols &#8211; A Liga Leste\/Batebola<\/p>\n<p>SUB-09<br \/>\n1\u00b0 Gustavo Aguilar Santos &#8211; 21 gols &#8211; S.E Palmeiras<br \/>\n2\u00b0 Matheus Henrique da Silva Matias &#8211; 20 gols &#8211; Santos F.C<br \/>\n3\u00b0 Gabriel Maia Alves &#8211; 18 gols &#8211; S\u00e3o Caetano F.C<\/p>\n<p>SUB-10<br \/>\n1\u00b0 Leonardo Amista Gon\u00e7alves de Mendon\u00e7a &#8211; 23 gols &#8211; S.C Corinthians Futsal<br \/>\n2\u00b0 Kauan Pereira Lima &#8211; 22 gols &#8211; Lausanne Paulista<br \/>\n3\u00b0 David Nogueira Carmo &#8211; 16 gols &#8211; Santos F.C<\/p>\n<div id='gallery-1' class='gallery galleryid-30836 gallery-columns-3 gallery-size-colormag-featured-image'><figure class='gallery-item'>\n\t\t\t<div class='gallery-icon landscape'>\n\t\t\t\t<a href='https:\/\/www.federacaopaulistadefutsal.com.br\/novo\/final-de-semana-dos-campeoes-serie-ouro-a2-tem-novos-vencedores-pelo-campeonato-estadual-sub-08-sub-09-e-sub-10\/img-20190921-wa0045\/'><img fetchpriority=\"high\" decoding=\"async\" width=\"800\" height=\"445\" src=\"https:\/\/www.federacaopaulistadefutsal.com.br\/novo\/wp-content\/uploads\/2019\/09\/IMG-20190921-WA0045-800x445.jpg\" class=\"attachment-colormag-featured-image size-colormag-featured-image\" alt=\"\" \/><\/a>\n\t\t\t<\/div><\/figure><figure class='gallery-item'>\n\t\t\t<div class='gallery-icon landscape'>\n\t\t\t\t<a href='https:\/\/www.federacaopaulistadefutsal.com.br\/novo\/final-de-semana-dos-campeoes-serie-ouro-a2-tem-novos-vencedores-pelo-campeonato-estadual-sub-08-sub-09-e-sub-10\/img-20190921-wa0041\/'><img decoding=\"async\" width=\"800\" height=\"445\" src=\"https:\/\/www.federacaopaulistadefutsal.com.br\/novo\/wp-content\/uploads\/2019\/09\/IMG-20190921-WA0041-800x445.jpg\" class=\"attachment-colormag-featured-image size-colormag-featured-image\" alt=\"\" \/><\/a>\n\t\t\t<\/div><\/figure><figure class='gallery-item'>\n\t\t\t<div class='gallery-icon landscape'>\n\t\t\t\t<a href='https:\/\/www.federacaopaulistadefutsal.com.br\/novo\/final-de-semana-dos-campeoes-serie-ouro-a2-tem-novos-vencedores-pelo-campeonato-estadual-sub-08-sub-09-e-sub-10\/img-20190921-wa0053\/'><img decoding=\"async\" width=\"800\" height=\"445\" src=\"https:\/\/www.federacaopaulistadefutsal.com.br\/novo\/wp-content\/uploads\/2019\/09\/IMG-20190921-WA0053-800x445.jpg\" class=\"attachment-colormag-featured-image size-colormag-featured-image\" alt=\"\" \/><\/a>\n\t\t\t<\/div><\/figure><figure class='gallery-item'>\n\t\t\t<div class='gallery-icon landscape'>\n\t\t\t\t<a href='https:\/\/www.federacaopaulistadefutsal.com.br\/novo\/final-de-semana-dos-campeoes-serie-ouro-a2-tem-novos-vencedores-pelo-campeonato-estadual-sub-08-sub-09-e-sub-10\/img-20190921-wa0043\/'><img loading=\"lazy\" decoding=\"async\" width=\"800\" height=\"445\" src=\"https:\/\/www.federacaopaulistadefutsal.com.br\/novo\/wp-content\/uploads\/2019\/09\/IMG-20190921-WA0043-800x445.jpg\" class=\"attachment-colormag-featured-image size-colormag-featured-image\" alt=\"\" \/><\/a>\n\t\t\t<\/div><\/figure><figure class='gallery-item'>\n\t\t\t<div class='gallery-icon landscape'>\n\t\t\t\t<a href='https:\/\/www.federacaopaulistadefutsal.com.br\/novo\/final-de-semana-dos-campeoes-serie-ouro-a2-tem-novos-vencedores-pelo-campeonato-estadual-sub-08-sub-09-e-sub-10\/img-20190921-wa0022\/'><img loading=\"lazy\" decoding=\"async\" width=\"800\" height=\"445\" src=\"https:\/\/www.federacaopaulistadefutsal.com.br\/novo\/wp-content\/uploads\/2019\/09\/IMG-20190921-WA0022-800x445.jpg\" class=\"attachment-colormag-featured-image size-colormag-featured-image\" alt=\"\" \/><\/a>\n\t\t\t<\/div><\/figure><figure class='gallery-item'>\n\t\t\t<div class='gallery-icon landscape'>\n\t\t\t\t<a href='https:\/\/www.federacaopaulistadefutsal.com.br\/novo\/final-de-semana-dos-campeoes-serie-ouro-a2-tem-novos-vencedores-pelo-campeonato-estadual-sub-08-sub-09-e-sub-10\/img-20190921-wa0029\/'><img loading=\"lazy\" decoding=\"async\" width=\"800\" height=\"445\" src=\"https:\/\/www.federacaopaulistadefutsal.com.br\/novo\/wp-content\/uploads\/2019\/09\/IMG-20190921-WA0029-800x445.jpg\" class=\"attachment-colormag-featured-image size-colormag-featured-image\" alt=\"\" \/><\/a>\n\t\t\t<\/div><\/figure><figure class='gallery-item'>\n\t\t\t<div class='gallery-icon landscape'>\n\t\t\t\t<a href='https:\/\/www.federacaopaulistadefutsal.com.br\/novo\/final-de-semana-dos-campeoes-serie-ouro-a2-tem-novos-vencedores-pelo-campeonato-estadual-sub-08-sub-09-e-sub-10\/img-20190921-wa0042\/'><img loading=\"lazy\" decoding=\"async\" width=\"800\" height=\"445\" src=\"https:\/\/www.federacaopaulistadefutsal.com.br\/novo\/wp-content\/uploads\/2019\/09\/IMG-20190921-WA0042-800x445.jpg\" class=\"attachment-colormag-featured-image size-colormag-featured-image\" alt=\"\" \/><\/a>\n\t\t\t<\/div><\/figure><figure class='gallery-item'>\n\t\t\t<div class='gallery-icon landscape'>\n\t\t\t\t<a href='https:\/\/www.federacaopaulistadefutsal.com.br\/novo\/final-de-semana-dos-campeoes-serie-ouro-a2-tem-novos-vencedores-pelo-campeonato-estadual-sub-08-sub-09-e-sub-10\/img-20190921-wa0049\/'><img loading=\"lazy\" decoding=\"async\" width=\"800\" height=\"445\" src=\"https:\/\/www.federacaopaulistadefutsal.com.br\/novo\/wp-content\/uploads\/2019\/09\/IMG-20190921-WA0049-800x445.jpg\" class=\"attachment-colormag-featured-image size-colormag-featured-image\" alt=\"\" \/><\/a>\n\t\t\t<\/div><\/figure><figure class='gallery-item'>\n\t\t\t<div class='gallery-icon landscape'>\n\t\t\t\t<a href='https:\/\/www.federacaopaulistadefutsal.com.br\/novo\/final-de-semana-dos-campeoes-serie-ouro-a2-tem-novos-vencedores-pelo-campeonato-estadual-sub-08-sub-09-e-sub-10\/img-20190921-wa0036\/'><img loading=\"lazy\" decoding=\"async\" width=\"800\" height=\"445\" src=\"https:\/\/www.federacaopaulistadefutsal.com.br\/novo\/wp-content\/uploads\/2019\/09\/IMG-20190921-WA0036-800x445.jpg\" class=\"attachment-colormag-featured-image size-colormag-featured-image\" alt=\"\" \/><\/a>\n\t\t\t<\/div><\/figure><figure class='gallery-item'>\n\t\t\t<div class='gallery-icon landscape'>\n\t\t\t\t<a href='https:\/\/www.federacaopaulistadefutsal.com.br\/novo\/final-de-semana-dos-campeoes-serie-ouro-a2-tem-novos-vencedores-pelo-campeonato-estadual-sub-08-sub-09-e-sub-10\/img-20190921-wa0055\/'><img loading=\"lazy\" decoding=\"async\" width=\"800\" height=\"445\" src=\"https:\/\/www.federacaopaulistadefutsal.com.br\/novo\/wp-content\/uploads\/2019\/09\/IMG-20190921-WA0055-800x445.jpg\" class=\"attachment-colormag-featured-image size-colormag-featured-image\" alt=\"\" \/><\/a>\n\t\t\t<\/div><\/figure><figure class='gallery-item'>\n\t\t\t<div class='gallery-icon landscape'>\n\t\t\t\t<a href='https:\/\/www.federacaopaulistadefutsal.com.br\/novo\/final-de-semana-dos-campeoes-serie-ouro-a2-tem-novos-vencedores-pelo-campeonato-estadual-sub-08-sub-09-e-sub-10\/img-20190921-wa0032\/'><img loading=\"lazy\" decoding=\"async\" width=\"800\" height=\"445\" src=\"https:\/\/www.federacaopaulistadefutsal.com.br\/novo\/wp-content\/uploads\/2019\/09\/IMG-20190921-WA0032-800x445.jpg\" class=\"attachment-colormag-featured-image size-colormag-featured-image\" alt=\"\" \/><\/a>\n\t\t\t<\/div><\/figure>\n\t\t<\/div>\n\n","protected":false},"excerpt":{"rendered":"<p>Hoje, 21\/09, ocorreram tr\u00eas partidas que definiram os campe\u00f5es do Campeonato Estadual, s\u00e9rie Ouro A2. Destaque para o S.C Corinthians<\/p>\n","protected":false},"author":2,"featured_media":30852,"comment_status":"open","ping_status":"open","sticky":false,"template":"","format":"standard","meta":{"footnotes":""},"categories":[2660,10,33,2651,1],"tags":[2830,2744,2831,124,2716],"class_list":["post-30836","post","type-post","status-publish","format-standard","has-post-thumbnail","hentry","category-home-destaque","category-estadual-iniciacao","category-menores","category-noticias","category-novidades","tag-categoriainiciacao","tag-federacaopaulistadefut","tag-finaisouro","tag-a2","tag-futsalpaulista"],"_links":{"self":[{"href":"https:\/\/www.federacaopaulistadefutsal.com.br\/novo\/wp-json\/wp\/v2\/posts\/30836","targetHints":{"allow":["GET"]}}],"collection":[{"href":"https:\/\/www.federacaopaulistadefutsal.com.br\/novo\/wp-json\/wp\/v2\/posts"}],"about":[{"href":"https:\/\/www.federacaopaulistadefutsal.com.br\/novo\/wp-json\/wp\/v2\/types\/post"}],"author":[{"embeddable":true,"href":"https:\/\/www.federacaopaulistadefutsal.com.br\/novo\/wp-json\/wp\/v2\/users\/2"}],"replies":[{"embeddable":true,"href":"https:\/\/www.federacaopaulistadefutsal.com.br\/novo\/wp-json\/wp\/v2\/comments?post=30836"}],"version-history":[{"count":4,"href":"https:\/\/www.federacaopaulistadefutsal.com.br\/novo\/wp-json\/wp\/v2\/posts\/30836\/revisions"}],"predecessor-version":[{"id":30856,"href":"https:\/\/www.federacaopaulistadefutsal.com.br\/novo\/wp-json\/wp\/v2\/posts\/30836\/revisions\/30856"}],"wp:featuredmedia":[{"embeddable":true,"href":"https:\/\/www.federacaopaulistadefutsal.com.br\/novo\/wp-json\/wp\/v2\/media\/30852"}],"wp:attachment":[{"href":"https:\/\/www.federacaopaulistadefutsal.com.br\/novo\/wp-json\/wp\/v2\/media?parent=30836"}],"wp:term":[{"taxonomy":"category","embeddable":true,"href":"https:\/\/www.federacaopaulistadefutsal.com.br\/novo\/wp-json\/wp\/v2\/categories?post=30836"},{"taxonomy":"post_tag","embeddable":true,"href":"https:\/\/www.federacaopaulistadefutsal.com.br\/novo\/wp-json\/wp\/v2\/tags?post=30836"}],"curies":[{"name":"wp","href":"https:\/\/api.w.org\/{rel}","templated":true}]}}