{"id":30878,"date":"2019-09-25T18:04:09","date_gmt":"2019-09-25T18:04:09","guid":{"rendered":"http:\/\/www.federacaopaulistadefutsal.com.br\/novo\/?p=30878"},"modified":"2019-09-25T18:04:09","modified_gmt":"2019-09-25T18:04:09","slug":"finais-do-campeonato-paulista-do-interior-a3-serao-definidas-neste-sabado","status":"publish","type":"post","link":"https:\/\/www.federacaopaulistadefutsal.com.br\/novo\/finais-do-campeonato-paulista-do-interior-a3-serao-definidas-neste-sabado\/","title":{"rendered":"FINAIS DO CAMPEONATO PAULISTA DO INTERIOR A3 SER\u00c3O DEFINIDAS NESTE S\u00c1BADO"},"content":{"rendered":"<p>No pr\u00f3ximo s\u00e1bado, 28\/09, ocorrer\u00e1 as finais do Campeonato Paulista do Interior &#8211; A3, na categoria menores, sub-10, sub-12, sub-14 e sub-16, na cidade de Pen\u00e1polis, a primeira partida ter\u00e1 in\u00edcio \u00e0s 14h.<\/p>\n<p>SUB-10<br \/>\nA partida ser\u00e1 entre Yara Clube de Mar\u00edlia e Toque de Bola\/SMEL, \u00e0s 14h45, no Gin\u00e1sio de Esportes Gigante Azul. Destaque da categoria at\u00e9 o momento vai para o jovem Enrico Pompeo, jogador do Yara Clube que marcou 23 gols no campeonato at\u00e9 o momento.<\/p>\n<p>SUB-12<br \/>\nA primeira partida do dia ser\u00e1 desta categoria, o Planeta Sport de Ara\u00e7atuba encara o SMECT\/APAFUJ\/, \u00e0s 14h no Gin\u00e1sio Gigante Azul. Destaque da categoria at\u00e9 o momento \u00e9 do jovem Rafael Rodrigues Farias, da equipe AFFUFER que tem 11 gols na competi\u00e7\u00e3o.<\/p>\n<p>SUB-14<br \/>\n\u00c0s 15h30, o Yara Clube de Mar\u00edlia enfrenta o Meridiano Futsal, no Gin\u00e1sio Gigante Azul. Destaque da categoria \u00e9 do jogador do Yara Clube, Leonardo Camargo Garbi que marcou 14 gols na competi\u00e7\u00e3o at\u00e9 o momento.<\/p>\n<p>SUB-16<br \/>\nA \u00faltima partida do dia ser\u00e1 entre Elite Futsal que encara o Meridiano Futsal, \u00e0s 16h15, no Gin\u00e1sio Gigante Azul. Destaque da categoria vai para o jovem atleta Rafael Pires Neto, do VII de Abril que marcou 15 gols na competi\u00e7\u00e3o.<\/p>\n<div id='gallery-1' class='gallery galleryid-30878 gallery-columns-3 gallery-size-colormag-featured-image'><figure class='gallery-item'>\n\t\t\t<div class='gallery-icon landscape'>\n\t\t\t\t<a href='https:\/\/www.federacaopaulistadefutsal.com.br\/novo\/finais-do-campeonato-paulista-do-interior-a3-serao-definidas-neste-sabado\/meridiano-sub-14\/'><img fetchpriority=\"high\" decoding=\"async\" width=\"800\" height=\"445\" src=\"https:\/\/www.federacaopaulistadefutsal.com.br\/novo\/wp-content\/uploads\/2019\/09\/MERIDIANO-SUB-14-800x445.jpg\" class=\"attachment-colormag-featured-image size-colormag-featured-image\" alt=\"\" aria-describedby=\"gallery-1-30880\" \/><\/a>\n\t\t\t<\/div>\n\t\t\t\t<figcaption class='wp-caption-text gallery-caption' id='gallery-1-30880'>\n\t\t\t\tMeridiano Sub-14\n\t\t\t\t<\/figcaption><\/figure><figure class='gallery-item'>\n\t\t\t<div class='gallery-icon landscape'>\n\t\t\t\t<a href='https:\/\/www.federacaopaulistadefutsal.com.br\/novo\/finais-do-campeonato-paulista-do-interior-a3-serao-definidas-neste-sabado\/sub-10-toque-de-bola\/'><img decoding=\"async\" width=\"800\" height=\"445\" src=\"https:\/\/www.federacaopaulistadefutsal.com.br\/novo\/wp-content\/uploads\/2019\/09\/SUB-10-TOQUE-DE-BOLA-800x445.jpg\" class=\"attachment-colormag-featured-image size-colormag-featured-image\" alt=\"\" aria-describedby=\"gallery-1-30881\" \/><\/a>\n\t\t\t<\/div>\n\t\t\t\t<figcaption class='wp-caption-text gallery-caption' id='gallery-1-30881'>\n\t\t\t\tToque de Bola Sub-10\n\t\t\t\t<\/figcaption><\/figure><figure class='gallery-item'>\n\t\t\t<div class='gallery-icon landscape'>\n\t\t\t\t<a href='https:\/\/www.federacaopaulistadefutsal.com.br\/novo\/finais-do-campeonato-paulista-do-interior-a3-serao-definidas-neste-sabado\/sub-12-planeta-sport\/'><img decoding=\"async\" width=\"800\" height=\"445\" src=\"https:\/\/www.federacaopaulistadefutsal.com.br\/novo\/wp-content\/uploads\/2019\/09\/SUB-12-PLANETA-SPORT-800x445.jpg\" class=\"attachment-colormag-featured-image size-colormag-featured-image\" alt=\"\" aria-describedby=\"gallery-1-30882\" \/><\/a>\n\t\t\t<\/div>\n\t\t\t\t<figcaption class='wp-caption-text gallery-caption' id='gallery-1-30882'>\n\t\t\t\tPlaneta Sport Sub-12 \n\t\t\t\t<\/figcaption><\/figure><figure class='gallery-item'>\n\t\t\t<div class='gallery-icon landscape'>\n\t\t\t\t<a href='https:\/\/www.federacaopaulistadefutsal.com.br\/novo\/finais-do-campeonato-paulista-do-interior-a3-serao-definidas-neste-sabado\/sub-16-meridiano\/'><img loading=\"lazy\" decoding=\"async\" width=\"800\" height=\"445\" src=\"https:\/\/www.federacaopaulistadefutsal.com.br\/novo\/wp-content\/uploads\/2019\/09\/SUB-16-MERIDIANO-800x445.jpg\" class=\"attachment-colormag-featured-image size-colormag-featured-image\" alt=\"\" aria-describedby=\"gallery-1-30883\" \/><\/a>\n\t\t\t<\/div>\n\t\t\t\t<figcaption class='wp-caption-text gallery-caption' id='gallery-1-30883'>\n\t\t\t\tMeridiano Sub-16\n\t\t\t\t<\/figcaption><\/figure>\n\t\t<\/div>\n\n","protected":false},"excerpt":{"rendered":"<p>No pr\u00f3ximo s\u00e1bado, 28\/09, ocorrer\u00e1 as finais do Campeonato Paulista do Interior &#8211; A3, na categoria menores, sub-10, sub-12, sub-14<\/p>\n","protected":false},"author":2,"featured_media":30879,"comment_status":"open","ping_status":"open","sticky":false,"template":"","format":"standard","meta":{"footnotes":""},"categories":[20,2660,29,33,2651,1],"tags":[2710,2806,2832,1334],"class_list":["post-30878","post","type-post","status-publish","format-standard","has-post-thumbnail","hentry","category-a3-estadual-menores","category-home-destaque","category-interior","category-menores","category-noticias","category-novidades","tag-federacaopaulistadefutsal","tag-futsalmenoresa3","tag-futsalpaulistaa3","tag-interior"],"_links":{"self":[{"href":"https:\/\/www.federacaopaulistadefutsal.com.br\/novo\/wp-json\/wp\/v2\/posts\/30878","targetHints":{"allow":["GET"]}}],"collection":[{"href":"https:\/\/www.federacaopaulistadefutsal.com.br\/novo\/wp-json\/wp\/v2\/posts"}],"about":[{"href":"https:\/\/www.federacaopaulistadefutsal.com.br\/novo\/wp-json\/wp\/v2\/types\/post"}],"author":[{"embeddable":true,"href":"https:\/\/www.federacaopaulistadefutsal.com.br\/novo\/wp-json\/wp\/v2\/users\/2"}],"replies":[{"embeddable":true,"href":"https:\/\/www.federacaopaulistadefutsal.com.br\/novo\/wp-json\/wp\/v2\/comments?post=30878"}],"version-history":[{"count":1,"href":"https:\/\/www.federacaopaulistadefutsal.com.br\/novo\/wp-json\/wp\/v2\/posts\/30878\/revisions"}],"predecessor-version":[{"id":30884,"href":"https:\/\/www.federacaopaulistadefutsal.com.br\/novo\/wp-json\/wp\/v2\/posts\/30878\/revisions\/30884"}],"wp:featuredmedia":[{"embeddable":true,"href":"https:\/\/www.federacaopaulistadefutsal.com.br\/novo\/wp-json\/wp\/v2\/media\/30879"}],"wp:attachment":[{"href":"https:\/\/www.federacaopaulistadefutsal.com.br\/novo\/wp-json\/wp\/v2\/media?parent=30878"}],"wp:term":[{"taxonomy":"category","embeddable":true,"href":"https:\/\/www.federacaopaulistadefutsal.com.br\/novo\/wp-json\/wp\/v2\/categories?post=30878"},{"taxonomy":"post_tag","embeddable":true,"href":"https:\/\/www.federacaopaulistadefutsal.com.br\/novo\/wp-json\/wp\/v2\/tags?post=30878"}],"curies":[{"name":"wp","href":"https:\/\/api.w.org\/{rel}","templated":true}]}}