{"id":3095,"date":"2014-12-13T14:45:15","date_gmt":"2014-12-13T14:45:15","guid":{"rendered":"http:\/\/www.federacaopaulistadefutsal.com.br\/?p=3095"},"modified":"2014-12-13T14:45:15","modified_gmt":"2014-12-13T14:45:15","slug":"rio-preto-futsal-fica-com-vice-da-copa-paulista","status":"publish","type":"post","link":"https:\/\/www.federacaopaulistadefutsal.com.br\/novo\/rio-preto-futsal-fica-com-vice-da-copa-paulista\/","title":{"rendered":"Rio Preto Futsal fica com vice da Copa Paulista"},"content":{"rendered":"<p>Na noite desta sexta-feira (12), a equipe do Rio Preto Futsal\/SMEL\/Guaran\u00e1 Antarctica\/Siamar\/Unimed\/Optcentro\/Unirp\/Objetivo empatou com o Barueri por 3 a 3, no Centro de Eventos, e ficou com o vice da Copa Paulista 2015.<br \/>\nOs gols rio-pretenses foram marcados por Pelota, Taqu\u00e1 e Fuma\u00e7a. No primeiro jogo da final, na casa dos advers\u00e1rios, o Rio Preto perdeu por 4 a 1.<br \/>\nO t\u00e9cnico do Rio Preto, J\u00falio Martins, enalteceu a sua equipe, mesmo diante da derrota.\u00a0 &#8221; <strong>Lutamos at\u00e9 o fim buscando os gols. \u00c9 triste perder como perdemos, mas fizemos um excelente ano. \u00c9 seguir em frente agora<\/strong>&#8220;, afirmou.<br \/>\nFuma\u00e7a, autor de um gola\u00e7o no jogo, de calcanhar, e um dos mais experientes do grupo, refor\u00e7ou as palavras do treinador rio-pretense. \u201c<strong>Agora n\u00e3o d\u00e1 pra lamentar. \u00c9 continuar o trabalho e no ano que vem tem mais<\/strong>\u201d, emendou.<br \/>\nPor Assessoria FPFS<br \/>\nCom informa\u00e7\u00f5es Assessiva<\/p>\n","protected":false},"excerpt":{"rendered":"<p>Na noite desta sexta-feira (12), a equipe do Rio Preto Futsal\/SMEL\/Guaran\u00e1 Antarctica\/Siamar\/Unimed\/Optcentro\/Unirp\/Objetivo empatou com o Barueri por 3 a 3,<\/p>\n","protected":false},"author":1,"featured_media":0,"comment_status":"open","ping_status":"open","sticky":false,"template":"","format":"standard","meta":{"footnotes":""},"categories":[25],"tags":[718,2124,2580],"class_list":["post-3095","post","type-post","status-publish","format-standard","hentry","category-destaques","tag-copa-paulista","tag-rio-preto","tag-vice"],"_links":{"self":[{"href":"https:\/\/www.federacaopaulistadefutsal.com.br\/novo\/wp-json\/wp\/v2\/posts\/3095","targetHints":{"allow":["GET"]}}],"collection":[{"href":"https:\/\/www.federacaopaulistadefutsal.com.br\/novo\/wp-json\/wp\/v2\/posts"}],"about":[{"href":"https:\/\/www.federacaopaulistadefutsal.com.br\/novo\/wp-json\/wp\/v2\/types\/post"}],"author":[{"embeddable":true,"href":"https:\/\/www.federacaopaulistadefutsal.com.br\/novo\/wp-json\/wp\/v2\/users\/1"}],"replies":[{"embeddable":true,"href":"https:\/\/www.federacaopaulistadefutsal.com.br\/novo\/wp-json\/wp\/v2\/comments?post=3095"}],"version-history":[{"count":0,"href":"https:\/\/www.federacaopaulistadefutsal.com.br\/novo\/wp-json\/wp\/v2\/posts\/3095\/revisions"}],"wp:attachment":[{"href":"https:\/\/www.federacaopaulistadefutsal.com.br\/novo\/wp-json\/wp\/v2\/media?parent=3095"}],"wp:term":[{"taxonomy":"category","embeddable":true,"href":"https:\/\/www.federacaopaulistadefutsal.com.br\/novo\/wp-json\/wp\/v2\/categories?post=3095"},{"taxonomy":"post_tag","embeddable":true,"href":"https:\/\/www.federacaopaulistadefutsal.com.br\/novo\/wp-json\/wp\/v2\/tags?post=3095"}],"curies":[{"name":"wp","href":"https:\/\/api.w.org\/{rel}","templated":true}]}}