{"id":3134,"date":"2014-12-16T11:44:54","date_gmt":"2014-12-16T11:44:54","guid":{"rendered":"http:\/\/www.federacaopaulistadefutsal.com.br\/?p=3134"},"modified":"2014-12-16T11:44:54","modified_gmt":"2014-12-16T11:44:54","slug":"a-a-pinhal-futsal-realiza-peneira-para-2015","status":"publish","type":"post","link":"https:\/\/www.federacaopaulistadefutsal.com.br\/novo\/a-a-pinhal-futsal-realiza-peneira-para-2015\/","title":{"rendered":"A.A Pinhal Futsal realiza peneira para 2015"},"content":{"rendered":"<p>A equipe da A.A.Pinhal Futsal est\u00e1 selecionando atletas para a sua equipe principal masculina, visando a\u00a0disputa dos Campeonatos da Federa\u00e7\u00e3o Paulista de Futebol de Sal\u00e3o em\u00a02015.\u00a0As peneiras s\u00e3o para jogadores entre 19 e 23 anos de idade.<br \/>\nO contatos devem ser feitos com Matheus Angelini Salim pelo Whatsapp &#8211; (19) &#8211; 9206 2906.<br \/>\nPor Assessoria FPFS<br \/>\n&nbsp;<br \/>\n&nbsp;<\/p>\n","protected":false},"excerpt":{"rendered":"<p>A equipe da A.A.Pinhal Futsal est\u00e1 selecionando atletas para a sua equipe principal masculina, visando a\u00a0disputa dos Campeonatos da Federa\u00e7\u00e3o<\/p>\n","protected":false},"author":1,"featured_media":0,"comment_status":"closed","ping_status":"open","sticky":false,"template":"","format":"standard","meta":{"footnotes":""},"categories":[25],"tags":[100,1858],"class_list":["post-3134","post","type-post","status-publish","format-standard","hentry","category-destaques","tag-a-a-pinhal-futsal","tag-peneira"],"_links":{"self":[{"href":"https:\/\/www.federacaopaulistadefutsal.com.br\/novo\/wp-json\/wp\/v2\/posts\/3134","targetHints":{"allow":["GET"]}}],"collection":[{"href":"https:\/\/www.federacaopaulistadefutsal.com.br\/novo\/wp-json\/wp\/v2\/posts"}],"about":[{"href":"https:\/\/www.federacaopaulistadefutsal.com.br\/novo\/wp-json\/wp\/v2\/types\/post"}],"author":[{"embeddable":true,"href":"https:\/\/www.federacaopaulistadefutsal.com.br\/novo\/wp-json\/wp\/v2\/users\/1"}],"replies":[{"embeddable":true,"href":"https:\/\/www.federacaopaulistadefutsal.com.br\/novo\/wp-json\/wp\/v2\/comments?post=3134"}],"version-history":[{"count":0,"href":"https:\/\/www.federacaopaulistadefutsal.com.br\/novo\/wp-json\/wp\/v2\/posts\/3134\/revisions"}],"wp:attachment":[{"href":"https:\/\/www.federacaopaulistadefutsal.com.br\/novo\/wp-json\/wp\/v2\/media?parent=3134"}],"wp:term":[{"taxonomy":"category","embeddable":true,"href":"https:\/\/www.federacaopaulistadefutsal.com.br\/novo\/wp-json\/wp\/v2\/categories?post=3134"},{"taxonomy":"post_tag","embeddable":true,"href":"https:\/\/www.federacaopaulistadefutsal.com.br\/novo\/wp-json\/wp\/v2\/tags?post=3134"}],"curies":[{"name":"wp","href":"https:\/\/api.w.org\/{rel}","templated":true}]}}