{"id":31358,"date":"2019-11-21T10:40:42","date_gmt":"2019-11-21T10:40:42","guid":{"rendered":"http:\/\/www.federacaopaulistadefutsal.com.br\/novo\/?p=31358"},"modified":"2019-11-21T10:40:42","modified_gmt":"2019-11-21T10:40:42","slug":"mundial-de-futsal-para-surdos-brasil-vence-polonia-por-4-a-0-e-conquista-torneio","status":"publish","type":"post","link":"https:\/\/www.federacaopaulistadefutsal.com.br\/novo\/mundial-de-futsal-para-surdos-brasil-vence-polonia-por-4-a-0-e-conquista-torneio\/","title":{"rendered":"MUNDIAL DE FUTSAL PARA SURDOS: BRASIL VENCE POL\u00d4NIA POR 4 A 0 E CONQUISTA TORNEIO"},"content":{"rendered":"<p>No \u00faltimo final de semana, a equipe brasileira de futsal para surdas, venceu o t\u00edtulo in\u00e9dito do Mundial Feminino de Futsal para Surdos, na cidade de Winterthur, na Su\u00ed\u00e7a. Na grande final, as meninas venceram a Pol\u00f4nia por 4 a 0, fechando uma campanha perfeita de 100% de aproveitamento na competi\u00e7\u00e3o. J\u00e1 no torneio masculino, a equipe brasileira terminou na s\u00e9tima coloca\u00e7\u00e3o, a melhor do nosso pa\u00eds na hist\u00f3ria.<\/p>\n<p>A equipe brasileira fez incr\u00edveis 49 gols em 6 partidas, na fase de grupos as meninas aplicaram goleadas sobre as equipes da Su\u00ed\u00e7a por (17 a 0), Tail\u00e2ndia (7 a 0) e Holanda (11 a 0). Nas quartas de finais o Brasil venceu o Jap\u00e3o em uma partida apertada por 2 a 1. J\u00e1 nas semifinais, as meninas venceram a Alemanha por 8 a 4, conquistando a vaga na decis\u00e3o.<\/p>\n<p>A campanha da Sele\u00e7\u00e3o Feminina de Surdos, terminou com 6 vit\u00f3rias em 6 jogos, com 49 gols marcados e 5 sofridos.<\/p>\n","protected":false},"excerpt":{"rendered":"<p>No \u00faltimo final de semana, a equipe brasileira de futsal para surdas, venceu o t\u00edtulo in\u00e9dito do Mundial Feminino de<\/p>\n","protected":false},"author":2,"featured_media":31359,"comment_status":"open","ping_status":"open","sticky":false,"template":"","format":"standard","meta":{"footnotes":""},"categories":[2660,26,2651,1],"tags":[2710,2856,2828,2787,1702],"class_list":["post-31358","post","type-post","status-publish","format-standard","has-post-thumbnail","hentry","category-home-destaque","category-feminino","category-noticias","category-novidades","tag-federacaopaulistadefutsal","tag-futsaldesurdos","tag-selecaobrasileira","tag-futsalfeminino","tag-mundial"],"_links":{"self":[{"href":"https:\/\/www.federacaopaulistadefutsal.com.br\/novo\/wp-json\/wp\/v2\/posts\/31358","targetHints":{"allow":["GET"]}}],"collection":[{"href":"https:\/\/www.federacaopaulistadefutsal.com.br\/novo\/wp-json\/wp\/v2\/posts"}],"about":[{"href":"https:\/\/www.federacaopaulistadefutsal.com.br\/novo\/wp-json\/wp\/v2\/types\/post"}],"author":[{"embeddable":true,"href":"https:\/\/www.federacaopaulistadefutsal.com.br\/novo\/wp-json\/wp\/v2\/users\/2"}],"replies":[{"embeddable":true,"href":"https:\/\/www.federacaopaulistadefutsal.com.br\/novo\/wp-json\/wp\/v2\/comments?post=31358"}],"version-history":[{"count":1,"href":"https:\/\/www.federacaopaulistadefutsal.com.br\/novo\/wp-json\/wp\/v2\/posts\/31358\/revisions"}],"predecessor-version":[{"id":31360,"href":"https:\/\/www.federacaopaulistadefutsal.com.br\/novo\/wp-json\/wp\/v2\/posts\/31358\/revisions\/31360"}],"wp:featuredmedia":[{"embeddable":true,"href":"https:\/\/www.federacaopaulistadefutsal.com.br\/novo\/wp-json\/wp\/v2\/media\/31359"}],"wp:attachment":[{"href":"https:\/\/www.federacaopaulistadefutsal.com.br\/novo\/wp-json\/wp\/v2\/media?parent=31358"}],"wp:term":[{"taxonomy":"category","embeddable":true,"href":"https:\/\/www.federacaopaulistadefutsal.com.br\/novo\/wp-json\/wp\/v2\/categories?post=31358"},{"taxonomy":"post_tag","embeddable":true,"href":"https:\/\/www.federacaopaulistadefutsal.com.br\/novo\/wp-json\/wp\/v2\/tags?post=31358"}],"curies":[{"name":"wp","href":"https:\/\/api.w.org\/{rel}","templated":true}]}}