{"id":31590,"date":"2020-01-15T14:22:34","date_gmt":"2020-01-15T14:22:34","guid":{"rendered":"http:\/\/www.federacaopaulistadefutsal.com.br\/novo\/?p=31590"},"modified":"2020-01-15T14:22:34","modified_gmt":"2020-01-15T14:22:34","slug":"mundial-santa-catarina-sera-sede-do-torneio-internacional-de-futsal-feminino-no-mes-de-julho","status":"publish","type":"post","link":"https:\/\/www.federacaopaulistadefutsal.com.br\/novo\/mundial-santa-catarina-sera-sede-do-torneio-internacional-de-futsal-feminino-no-mes-de-julho\/","title":{"rendered":"MUNDIAL: SANTA CATARINA SER\u00c1 SEDE DO TORNEIO INTERNACIONAL DE FUTSAL FEMININO NO M\u00caS DE JULHO"},"content":{"rendered":"<p>Ontem, 14\/01, foi definido que o munic\u00edpio de Xanxer\u00ea, em Santa Catarina, ser\u00e1 sede do Torneio Internacional de Futsal Feminino, entre os dias 10 a 19 de Julho, onde 12 sele\u00e7\u00f5es disputam este t\u00edtulo, que ser\u00e1 a edi\u00e7\u00e3o com maior n\u00famero de participantes.<\/p>\n<p>&nbsp;<\/p>\n<p>A CBFS, buscando alavancar ainda mais o futsal feminino, n\u00e3o mediu esfor\u00e7os para trazer este torneio ao Brasil, onde no \u00faltimo ano o futsal feminino alcan\u00e7ou importantes conquistas dentro e fora de quadra. Grandes sele\u00e7\u00f5es v\u00e3o apresentar o mais alto n\u00edvel t\u00e9cnico e t\u00e1tico na quadra da Arena Ivo Sguissardi, em Santa Catarina.<\/p>\n<p>&nbsp;<\/p>\n<p>O torneio encontrasse na sua s\u00e9tima edi\u00e7\u00e3o, e em todas elas a Sele\u00e7\u00e3o Brasileira garantiu a medalha de ouro, a \u00faltima edi\u00e7\u00e3o foi disputada em 2015 na Guatemala.<\/p>\n<p>&nbsp;<\/p>\n<p>Nos pr\u00f3ximos meses v\u00e3o ser divulgadas mais informa\u00e7\u00f5es sobre hor\u00e1rios, bem como, os participantes deste torneio.<\/p>\n","protected":false},"excerpt":{"rendered":"<p>Ontem, 14\/01, foi definido que o munic\u00edpio de Xanxer\u00ea, em Santa Catarina, ser\u00e1 sede do Torneio Internacional de Futsal Feminino,<\/p>\n","protected":false},"author":2,"featured_media":31591,"comment_status":"open","ping_status":"open","sticky":false,"template":"","format":"standard","meta":{"footnotes":""},"categories":[22,2660,25,26,2651,1,35],"tags":[2710,563,2787,1702],"class_list":["post-31590","post","type-post","status-publish","format-standard","has-post-thumbnail","hentry","category-comunicado","category-home-destaque","category-destaques","category-feminino","category-noticias","category-novidades","category-selecao","tag-federacaopaulistadefutsal","tag-cbfs","tag-futsalfeminino","tag-mundial"],"_links":{"self":[{"href":"https:\/\/www.federacaopaulistadefutsal.com.br\/novo\/wp-json\/wp\/v2\/posts\/31590","targetHints":{"allow":["GET"]}}],"collection":[{"href":"https:\/\/www.federacaopaulistadefutsal.com.br\/novo\/wp-json\/wp\/v2\/posts"}],"about":[{"href":"https:\/\/www.federacaopaulistadefutsal.com.br\/novo\/wp-json\/wp\/v2\/types\/post"}],"author":[{"embeddable":true,"href":"https:\/\/www.federacaopaulistadefutsal.com.br\/novo\/wp-json\/wp\/v2\/users\/2"}],"replies":[{"embeddable":true,"href":"https:\/\/www.federacaopaulistadefutsal.com.br\/novo\/wp-json\/wp\/v2\/comments?post=31590"}],"version-history":[{"count":1,"href":"https:\/\/www.federacaopaulistadefutsal.com.br\/novo\/wp-json\/wp\/v2\/posts\/31590\/revisions"}],"predecessor-version":[{"id":31592,"href":"https:\/\/www.federacaopaulistadefutsal.com.br\/novo\/wp-json\/wp\/v2\/posts\/31590\/revisions\/31592"}],"wp:featuredmedia":[{"embeddable":true,"href":"https:\/\/www.federacaopaulistadefutsal.com.br\/novo\/wp-json\/wp\/v2\/media\/31591"}],"wp:attachment":[{"href":"https:\/\/www.federacaopaulistadefutsal.com.br\/novo\/wp-json\/wp\/v2\/media?parent=31590"}],"wp:term":[{"taxonomy":"category","embeddable":true,"href":"https:\/\/www.federacaopaulistadefutsal.com.br\/novo\/wp-json\/wp\/v2\/categories?post=31590"},{"taxonomy":"post_tag","embeddable":true,"href":"https:\/\/www.federacaopaulistadefutsal.com.br\/novo\/wp-json\/wp\/v2\/tags?post=31590"}],"curies":[{"name":"wp","href":"https:\/\/api.w.org\/{rel}","templated":true}]}}