{"id":31635,"date":"2020-01-22T11:44:04","date_gmt":"2020-01-22T11:44:04","guid":{"rendered":"http:\/\/www.federacaopaulistadefutsal.com.br\/novo\/?p=31635"},"modified":"2020-01-22T15:23:53","modified_gmt":"2020-01-22T15:23:53","slug":"magnus-futsal-apresenta-equipe-para-a-temporada-2020-em-seu-setimo-ano-de-projeto","status":"publish","type":"post","link":"https:\/\/www.federacaopaulistadefutsal.com.br\/novo\/magnus-futsal-apresenta-equipe-para-a-temporada-2020-em-seu-setimo-ano-de-projeto\/","title":{"rendered":"MAGNUS FUTSAL APRESENTA EQUIPE PARA A TEMPORADA 2020 EM SEU S\u00c9TIMO ANO DE PROJETO"},"content":{"rendered":"<p align=\"justify\">Ontem, 21\/01 o Magnus Futsal deu in\u00edcio ao seu s\u00e9timo ano de projeto apresentando oficialmente sua equipe para a temporada de 2020. A realiza\u00e7\u00e3o deste evento ocorreu no Museu dos Esportes de Sorocaba, \u00e0s 11h30, reunindo comiss\u00e3o t\u00e9cnica e atletas\u00a0 para pontuar detalhes da atual temporada que se inicia.<\/p>\n<p align=\"justify\">O clube continua com o patroc\u00ednio m\u00e1ster da empresa de alimentos para c\u00e3es e gatos Magnus, e mant\u00e9m tamb\u00e9m o patroc\u00ednio da Athleta, fornecedora oficial de material esportivo. A Prefeitura de Sorocaba,\u00a0 que \u00e9 pe\u00e7a chave nesta parceria, segue apoiando o time, al\u00e9m de todos os parceiros institucionais que seguir\u00e3o no projeto: Unimed Sorocaba, Aguaboa, America Net, Col\u00e9gio Salesiano, Academia Bodytech, Decathlon e Baterias L\u00edder.<\/p>\n<p align=\"justify\">Neste ano, seis novos atletas vindos das categorias de base v\u00e3o integrar o elenco principal: o goleiro Caio, o fixo Lucas Gomes, os alas Ricardinho e Pedrinho, e os piv\u00f4s Israel e Alisson. A equipe Sub-20, em apenas tr\u00eas anos, se tornou uma das mais vitoriosas da modalidade, conquistando t\u00edtulos como a Ta\u00e7a Brasil 2019 e o Campeonato Estadual 2018.<\/p>\n<p align=\"justify\">O calend\u00e1rio da temporada ter\u00e1 a disputa do Campeonato Paulista, da Liga Nacional, do Mundial de Clubes, al\u00e9m de representar Sorocaba na disputa dos Jogos Regionais e Abertos, que este ano ser\u00e3o sediados na pr\u00f3pria cidade de Sorocaba.<\/p>\n","protected":false},"excerpt":{"rendered":"<p>Ontem, 21\/01 o Magnus Futsal deu in\u00edcio ao seu s\u00e9timo ano de projeto apresentando oficialmente sua equipe para a temporada<\/p>\n","protected":false},"author":2,"featured_media":31636,"comment_status":"open","ping_status":"open","sticky":false,"template":"","format":"standard","meta":{"footnotes":""},"categories":[2660,25,32,2651,1],"tags":[2710,2866,2716],"class_list":["post-31635","post","type-post","status-publish","format-standard","has-post-thumbnail","hentry","category-home-destaque","category-destaques","category-maiores","category-noticias","category-novidades","tag-federacaopaulistadefutsal","tag-temporada2020","tag-futsalpaulista"],"_links":{"self":[{"href":"https:\/\/www.federacaopaulistadefutsal.com.br\/novo\/wp-json\/wp\/v2\/posts\/31635","targetHints":{"allow":["GET"]}}],"collection":[{"href":"https:\/\/www.federacaopaulistadefutsal.com.br\/novo\/wp-json\/wp\/v2\/posts"}],"about":[{"href":"https:\/\/www.federacaopaulistadefutsal.com.br\/novo\/wp-json\/wp\/v2\/types\/post"}],"author":[{"embeddable":true,"href":"https:\/\/www.federacaopaulistadefutsal.com.br\/novo\/wp-json\/wp\/v2\/users\/2"}],"replies":[{"embeddable":true,"href":"https:\/\/www.federacaopaulistadefutsal.com.br\/novo\/wp-json\/wp\/v2\/comments?post=31635"}],"version-history":[{"count":1,"href":"https:\/\/www.federacaopaulistadefutsal.com.br\/novo\/wp-json\/wp\/v2\/posts\/31635\/revisions"}],"predecessor-version":[{"id":31637,"href":"https:\/\/www.federacaopaulistadefutsal.com.br\/novo\/wp-json\/wp\/v2\/posts\/31635\/revisions\/31637"}],"wp:featuredmedia":[{"embeddable":true,"href":"https:\/\/www.federacaopaulistadefutsal.com.br\/novo\/wp-json\/wp\/v2\/media\/31636"}],"wp:attachment":[{"href":"https:\/\/www.federacaopaulistadefutsal.com.br\/novo\/wp-json\/wp\/v2\/media?parent=31635"}],"wp:term":[{"taxonomy":"category","embeddable":true,"href":"https:\/\/www.federacaopaulistadefutsal.com.br\/novo\/wp-json\/wp\/v2\/categories?post=31635"},{"taxonomy":"post_tag","embeddable":true,"href":"https:\/\/www.federacaopaulistadefutsal.com.br\/novo\/wp-json\/wp\/v2\/tags?post=31635"}],"curies":[{"name":"wp","href":"https:\/\/api.w.org\/{rel}","templated":true}]}}