{"id":31666,"date":"2020-01-25T00:15:41","date_gmt":"2020-01-25T00:15:41","guid":{"rendered":"http:\/\/www.federacaopaulistadefutsal.com.br\/novo\/?p=31666"},"modified":"2020-01-25T00:23:59","modified_gmt":"2020-01-25T00:23:59","slug":"falece-o-ex-salonista-do-futebol-da-bola-pesada-antonio-libarino-bassan","status":"publish","type":"post","link":"https:\/\/www.federacaopaulistadefutsal.com.br\/novo\/falece-o-ex-salonista-do-futebol-da-bola-pesada-antonio-libarino-bassan\/","title":{"rendered":"FALECE O EX-SALONISTA DO FUTEBOL DA BOLA PESADA ANTONIO LIBARINO BASSAN"},"content":{"rendered":"<p>O futsal de Adamantina est\u00e1 de luto. O ex-atleta e dirigente Antonio Libarino Bassan, faleceu nesta sexta-feira (24), aos 78 anos e deixa\u00a0tr\u00eas filhos, duas netas e esposa.<\/p>\n<p>Antonio, mais conhecido como\u00a0o \u201cpai do futebol de sal\u00e3o\u201d na regi\u00e3o, tamb\u00e9m tinha como um dos seus fortes o faro de gol e a excepcional cobran\u00e7a de falta. Em 1957, sua trajet\u00f3ria come\u00e7ou quando iniciou a carreira no Palmeirinha de Adamantina. Defendeu tamb\u00e9m a Associa\u00e7\u00e3o Atl\u00e9tica de Adamantina, Dracena, A.A Osvaldo Cruz, Banfield, da Argentina, e Guarani de Adamantina (de 1964 a 1974, quando foi campe\u00e3o da 3\u00aa e 2\u00aa divis\u00e3o de profissionais pelo famoso Bugre Adamantinense).\u00a0Ap\u00f3s deixar os gramados, seguiu no futebol e tornou-se propriet\u00e1rio de uma escolinha.<\/p>\n<p>O corpo de Antonio Libarino Bassan foi velado essa noite, por volta das 20h30 no Vel\u00f3rio Municipal-Adamantina. E o sepultamento \u00e0s 10h30, neste s\u00e1bado (25).<\/p>\n<p>Em respeito aos amigos e familiares, a FPFS, presta sua solidariedade e reconhece a import\u00e2ncia do salonista para o desenvolvimento da modalidade e, principalmente, est\u00e1 de luto pela perda.<\/p>\n<p>&nbsp;<\/p>\n<p>Com informa\u00e7\u00f5es: Jornal Impacto<\/p>\n","protected":false},"excerpt":{"rendered":"<p>O futsal de Adamantina est\u00e1 de luto. O ex-atleta e dirigente Antonio Libarino Bassan, faleceu nesta sexta-feira (24), aos 78<\/p>\n","protected":false},"author":2,"featured_media":31667,"comment_status":"open","ping_status":"open","sticky":false,"template":"","format":"standard","meta":{"footnotes":""},"categories":[22,2660,25,2651,1],"tags":[2871,2710,2872],"class_list":["post-31666","post","type-post","status-publish","format-standard","has-post-thumbnail","hentry","category-comunicado","category-home-destaque","category-destaques","category-noticias","category-novidades","tag-antoniolibarinobassan","tag-federacaopaulistadefutsal","tag-salonistas"],"_links":{"self":[{"href":"https:\/\/www.federacaopaulistadefutsal.com.br\/novo\/wp-json\/wp\/v2\/posts\/31666","targetHints":{"allow":["GET"]}}],"collection":[{"href":"https:\/\/www.federacaopaulistadefutsal.com.br\/novo\/wp-json\/wp\/v2\/posts"}],"about":[{"href":"https:\/\/www.federacaopaulistadefutsal.com.br\/novo\/wp-json\/wp\/v2\/types\/post"}],"author":[{"embeddable":true,"href":"https:\/\/www.federacaopaulistadefutsal.com.br\/novo\/wp-json\/wp\/v2\/users\/2"}],"replies":[{"embeddable":true,"href":"https:\/\/www.federacaopaulistadefutsal.com.br\/novo\/wp-json\/wp\/v2\/comments?post=31666"}],"version-history":[{"count":3,"href":"https:\/\/www.federacaopaulistadefutsal.com.br\/novo\/wp-json\/wp\/v2\/posts\/31666\/revisions"}],"predecessor-version":[{"id":31671,"href":"https:\/\/www.federacaopaulistadefutsal.com.br\/novo\/wp-json\/wp\/v2\/posts\/31666\/revisions\/31671"}],"wp:featuredmedia":[{"embeddable":true,"href":"https:\/\/www.federacaopaulistadefutsal.com.br\/novo\/wp-json\/wp\/v2\/media\/31667"}],"wp:attachment":[{"href":"https:\/\/www.federacaopaulistadefutsal.com.br\/novo\/wp-json\/wp\/v2\/media?parent=31666"}],"wp:term":[{"taxonomy":"category","embeddable":true,"href":"https:\/\/www.federacaopaulistadefutsal.com.br\/novo\/wp-json\/wp\/v2\/categories?post=31666"},{"taxonomy":"post_tag","embeddable":true,"href":"https:\/\/www.federacaopaulistadefutsal.com.br\/novo\/wp-json\/wp\/v2\/tags?post=31666"}],"curies":[{"name":"wp","href":"https:\/\/api.w.org\/{rel}","templated":true}]}}