{"id":31672,"date":"2020-01-25T01:32:40","date_gmt":"2020-01-25T01:32:40","guid":{"rendered":"http:\/\/www.federacaopaulistadefutsal.com.br\/novo\/?p=31672"},"modified":"2020-01-25T01:32:40","modified_gmt":"2020-01-25T01:32:40","slug":"s-c-corinthians-futsal-se-reapresenta-nesta-sexta-feira-para-a-temporada-2020","status":"publish","type":"post","link":"https:\/\/www.federacaopaulistadefutsal.com.br\/novo\/s-c-corinthians-futsal-se-reapresenta-nesta-sexta-feira-para-a-temporada-2020\/","title":{"rendered":"S.C CORINTHIANS FUTSAL SE REAPRESENTA NESTA SEXTA-FEIRA PARA A TEMPORADA 2020"},"content":{"rendered":"<p>Hoje, 24\/01, as equipes principal e sub-20, juntamente com as comiss\u00f5es t\u00e9cnicas do S.C Corinthians Futsal se reapresentaram no Memorial do Parque S\u00e3o Jorge visando a temporada 2020.<\/p>\n<p>Com boa parte do time campe\u00e3o na temporada passada, a equipe alvinegra encorpou ainda mais o elenco para este ano, contratando refor\u00e7os pontuais como Leandro Caires, Jackson Samurai e \u00c9der Lima, e subindo alguns nomes da equipe sub-20.<\/p>\n","protected":false},"excerpt":{"rendered":"<p>Hoje, 24\/01, as equipes principal e sub-20, juntamente com as comiss\u00f5es t\u00e9cnicas do S.C Corinthians Futsal se reapresentaram no Memorial<\/p>\n","protected":false},"author":2,"featured_media":31673,"comment_status":"open","ping_status":"open","sticky":false,"template":"","format":"standard","meta":{"footnotes":""},"categories":[2660,25,32,2651,1],"tags":[2710,2866,2716],"class_list":["post-31672","post","type-post","status-publish","format-standard","has-post-thumbnail","hentry","category-home-destaque","category-destaques","category-maiores","category-noticias","category-novidades","tag-federacaopaulistadefutsal","tag-temporada2020","tag-futsalpaulista"],"_links":{"self":[{"href":"https:\/\/www.federacaopaulistadefutsal.com.br\/novo\/wp-json\/wp\/v2\/posts\/31672","targetHints":{"allow":["GET"]}}],"collection":[{"href":"https:\/\/www.federacaopaulistadefutsal.com.br\/novo\/wp-json\/wp\/v2\/posts"}],"about":[{"href":"https:\/\/www.federacaopaulistadefutsal.com.br\/novo\/wp-json\/wp\/v2\/types\/post"}],"author":[{"embeddable":true,"href":"https:\/\/www.federacaopaulistadefutsal.com.br\/novo\/wp-json\/wp\/v2\/users\/2"}],"replies":[{"embeddable":true,"href":"https:\/\/www.federacaopaulistadefutsal.com.br\/novo\/wp-json\/wp\/v2\/comments?post=31672"}],"version-history":[{"count":1,"href":"https:\/\/www.federacaopaulistadefutsal.com.br\/novo\/wp-json\/wp\/v2\/posts\/31672\/revisions"}],"predecessor-version":[{"id":31674,"href":"https:\/\/www.federacaopaulistadefutsal.com.br\/novo\/wp-json\/wp\/v2\/posts\/31672\/revisions\/31674"}],"wp:featuredmedia":[{"embeddable":true,"href":"https:\/\/www.federacaopaulistadefutsal.com.br\/novo\/wp-json\/wp\/v2\/media\/31673"}],"wp:attachment":[{"href":"https:\/\/www.federacaopaulistadefutsal.com.br\/novo\/wp-json\/wp\/v2\/media?parent=31672"}],"wp:term":[{"taxonomy":"category","embeddable":true,"href":"https:\/\/www.federacaopaulistadefutsal.com.br\/novo\/wp-json\/wp\/v2\/categories?post=31672"},{"taxonomy":"post_tag","embeddable":true,"href":"https:\/\/www.federacaopaulistadefutsal.com.br\/novo\/wp-json\/wp\/v2\/tags?post=31672"}],"curies":[{"name":"wp","href":"https:\/\/api.w.org\/{rel}","templated":true}]}}