{"id":31683,"date":"2020-01-28T10:53:32","date_gmt":"2020-01-28T10:53:32","guid":{"rendered":"http:\/\/www.federacaopaulistadefutsal.com.br\/novo\/?p=31683"},"modified":"2020-01-28T10:53:32","modified_gmt":"2020-01-28T10:53:32","slug":"mrw-futsal-retoma-as-atividades-para-a-temporada-2020","status":"publish","type":"post","link":"https:\/\/www.federacaopaulistadefutsal.com.br\/novo\/mrw-futsal-retoma-as-atividades-para-a-temporada-2020\/","title":{"rendered":"MRW FUTSAL RETOMA AS ATIVIDADES PARA A TEMPORADA 2020"},"content":{"rendered":"<p>Ontem, 27\/01, a equipe masculina da MRW Futsal, se reapresentou para iniciar os trabalhos para a temporada.<\/p>\n<p>De caras novas a equipe ainda n\u00e3o apresentou o elenco oficialmente para este ano de 2020, o an\u00fancio ser\u00e1 em breve nas redes sociais do clube.<\/p>\n<p>J\u00e1 a equipe feminina, tamb\u00e9m retomar\u00e1 atividades ainda nesta semana.<\/p>\n","protected":false},"excerpt":{"rendered":"<p>Ontem, 27\/01, a equipe masculina da MRW Futsal, se reapresentou para iniciar os trabalhos para a temporada. De caras novas<\/p>\n","protected":false},"author":2,"featured_media":31685,"comment_status":"open","ping_status":"open","sticky":false,"template":"","format":"standard","meta":{"footnotes":""},"categories":[2660,25,32,2651,1],"tags":[2710,2866,2716],"class_list":["post-31683","post","type-post","status-publish","format-standard","has-post-thumbnail","hentry","category-home-destaque","category-destaques","category-maiores","category-noticias","category-novidades","tag-federacaopaulistadefutsal","tag-temporada2020","tag-futsalpaulista"],"_links":{"self":[{"href":"https:\/\/www.federacaopaulistadefutsal.com.br\/novo\/wp-json\/wp\/v2\/posts\/31683","targetHints":{"allow":["GET"]}}],"collection":[{"href":"https:\/\/www.federacaopaulistadefutsal.com.br\/novo\/wp-json\/wp\/v2\/posts"}],"about":[{"href":"https:\/\/www.federacaopaulistadefutsal.com.br\/novo\/wp-json\/wp\/v2\/types\/post"}],"author":[{"embeddable":true,"href":"https:\/\/www.federacaopaulistadefutsal.com.br\/novo\/wp-json\/wp\/v2\/users\/2"}],"replies":[{"embeddable":true,"href":"https:\/\/www.federacaopaulistadefutsal.com.br\/novo\/wp-json\/wp\/v2\/comments?post=31683"}],"version-history":[{"count":1,"href":"https:\/\/www.federacaopaulistadefutsal.com.br\/novo\/wp-json\/wp\/v2\/posts\/31683\/revisions"}],"predecessor-version":[{"id":31684,"href":"https:\/\/www.federacaopaulistadefutsal.com.br\/novo\/wp-json\/wp\/v2\/posts\/31683\/revisions\/31684"}],"wp:featuredmedia":[{"embeddable":true,"href":"https:\/\/www.federacaopaulistadefutsal.com.br\/novo\/wp-json\/wp\/v2\/media\/31685"}],"wp:attachment":[{"href":"https:\/\/www.federacaopaulistadefutsal.com.br\/novo\/wp-json\/wp\/v2\/media?parent=31683"}],"wp:term":[{"taxonomy":"category","embeddable":true,"href":"https:\/\/www.federacaopaulistadefutsal.com.br\/novo\/wp-json\/wp\/v2\/categories?post=31683"},{"taxonomy":"post_tag","embeddable":true,"href":"https:\/\/www.federacaopaulistadefutsal.com.br\/novo\/wp-json\/wp\/v2\/tags?post=31683"}],"curies":[{"name":"wp","href":"https:\/\/api.w.org\/{rel}","templated":true}]}}