{"id":31695,"date":"2020-01-29T22:31:42","date_gmt":"2020-01-29T22:31:42","guid":{"rendered":"http:\/\/www.federacaopaulistadefutsal.com.br\/novo\/?p=31695"},"modified":"2020-01-29T22:45:01","modified_gmt":"2020-01-29T22:45:01","slug":"presidente-da-fpfs-federacao-paulista-de-futsal-e-reeleito-por-aclamacao","status":"publish","type":"post","link":"https:\/\/www.federacaopaulistadefutsal.com.br\/novo\/presidente-da-fpfs-federacao-paulista-de-futsal-e-reeleito-por-aclamacao\/","title":{"rendered":"PRESIDENTE DA FPFS &#8211; FEDERA\u00c7\u00c3O PAULISTA DE FUTSAL \u00c9 REELEITO POR ACLAMA\u00c7\u00c3O"},"content":{"rendered":"<p>Hoje, quarta-feira (29\/01), o atual presidente Sr. Ramon foi reeleito para a\u00a0 presid\u00eancia da Federa\u00e7\u00e3o Paulista de Futsal para o quadri\u00eanio, 2020 \u2013 2024. Reeleito, o ex-presidente da Associa\u00e7\u00e3o Atl\u00e9tica Banco do Brasil (A.A.B.B), Sr. Nilton Cifuentes Rom\u00e3o, ou simplesmente Ramon, como \u00e9 conhecido, dar\u00e1 continuidade aos trabalhos iniciados em 2016.<\/p>\n<p>Nestes quatro anos de mandato do Presidente Ramon, ocorreram varias mudan\u00e7as e melhorias em diversos setores da institui\u00e7\u00e3o. Inicialmente, a Federa\u00e7\u00e3o mudou seus antigos m\u00e9todos e cortou gastos renegociando todos os contratos ativos, com alugueis de ambul\u00e2ncias e equipes medicas, e passou a contratar diretamente esses profissionais como por exemplo, uma fisioterapeuta e a aquisi\u00e7\u00e3o de uma ambul\u00e2ncia para atender os gin\u00e1sios da entidade. Para atender aos padr\u00f5es de seguran\u00e7a nas partidas decisivas dos campeonatos, a federa\u00e7\u00e3o refor\u00e7a ainda mais este sistema com a contrata\u00e7\u00e3o de seguran\u00e7a privada e solicita\u00e7\u00e3o de policiamento nos jogos realizados nos gin\u00e1sios.<\/p>\n<p>Os gastos com ilumina\u00e7\u00e3o dos gin\u00e1sios foram reduzidos e, modernizados por l\u00e2mpadas de Led,\u00a0 foram adqueridos os pisos das duas quadras com a melhor qualidade que o mercado pode oferecer, assim como, a seguran\u00e7a dos gin\u00e1sios &#8211; Presidente Ciro I e II, com a implanta\u00e7\u00e3o de c\u00e2meras visando modernizar ainda mais estes setores. O audit\u00f3rio tamb\u00e9m foi modernizado e as manuten\u00e7\u00f5es e pinturas dos gin\u00e1sios foram feitas em prol da qualidade e conforto para os filiados.<\/p>\n<p>As finais foram transmitidas em modo Streaming atrav\u00e9s das redes sociais da entidade com n\u00famero recorde de acessos, bem como, alguns v\u00eddeos acabaram adquirindo um alto poder de circula\u00e7\u00e3o na internet e nos ve\u00edculos de comunica\u00e7\u00e3o.<\/p>\n<p>A \u00e1rea administrativa da FPFS tamb\u00e9m foi modernizada, o sistema do banco de dados do registro de atletas foi totalmente atualizada com uma parceria com a CBFS e,\u00a0 a participa\u00e7\u00e3o e o sistema de disputa dos torneios foi melhorado, visando maior n\u00famero de premiados e maior chances das equipes chegarem as finais com as s\u00e9ries Ouro, Prata, Bronze e Cobre. O Torneio Uni\u00e3o de Clubes, que tem um novo formato de disputa atrav\u00e9s dos m\u00f3dulos coloridos. As premia\u00e7\u00f5es aos vencedores tamb\u00e9m obtiveram melhorias, e conforme prometido, nestes 4 anos de gest\u00e3o n\u00e3o ocorreram aumentos em rela\u00e7\u00e3o as taxas impostas aos clubes.<\/p>\n<p>A busca de patroc\u00ednios tamb\u00e9m foi uma das partes fundamentais da institui\u00e7\u00e3o, a chegada dos nossos parceiros <strong>Penalty<\/strong>, <strong>SEGASP SPORT<\/strong> e <strong>\u00c1gua Boa<\/strong>, s\u00e3o umas das pe\u00e7as chave do crescimento da Federa\u00e7\u00e3o Paulista de Futsal, onde ocorreu no ano de 2019 a maior premia\u00e7\u00e3o da hist\u00f3ria dada pela Penalty para o Campe\u00e3o e Vice, no Campeonato Paulista\/Penalty no valor de R$40 mil para o campe\u00e3o e R$20 mil ao vice.<\/p>\n<p>O vereador de S\u00e3o Paulo Toninho Paiva, tamb\u00e9m foi um dos parceiros importantes ajudando na renova\u00e7\u00e3o da concess\u00e3o dos gin\u00e1sios da federa\u00e7\u00e3o por mais 40 anos.<\/p>\n<p>Mais uma das muitas conquistas que a gest\u00e3o do Presidente Ramon trouxe para a Federa\u00e7\u00e3o, foi a volta da Sele\u00e7\u00e3o Paulista em um amistoso com a Magnus Futsal na abertura do Cruzeir\u00e3o na cidade de Sorocaba e ao longo deste per\u00edodo resgatou os grandes \u00edcones do futsal da &#8220;Bola Pesada&#8221; atrav\u00e9s da s\u00e9rie &#8220;Onde tudo Come\u00e7ou&#8221;, que conta a vida, trajet\u00f3ria no esporte e o p\u00f3s- esporte de cada ex-salonista.<\/p>\n<div id='gallery-1' class='gallery galleryid-31695 gallery-columns-3 gallery-size-full'><figure class='gallery-item'>\n\t\t\t<div class='gallery-icon landscape'>\n\t\t\t\t<a href='https:\/\/www.federacaopaulistadefutsal.com.br\/novo\/wp-content\/uploads\/2020\/01\/FOTO-ASSEMBLEIA-ELETIVA-DE-POSSE-RAMON-FEDERA\u00c7\u00c3O-PAULISTA-DE-FUTSAL-2020-2.jpg'><img fetchpriority=\"high\" decoding=\"async\" width=\"1032\" height=\"581\" src=\"https:\/\/www.federacaopaulistadefutsal.com.br\/novo\/wp-content\/uploads\/2020\/01\/FOTO-ASSEMBLEIA-ELETIVA-DE-POSSE-RAMON-FEDERA\u00c7\u00c3O-PAULISTA-DE-FUTSAL-2020-2.jpg\" class=\"attachment-full size-full\" alt=\"\" srcset=\"https:\/\/www.federacaopaulistadefutsal.com.br\/novo\/wp-content\/uploads\/2020\/01\/FOTO-ASSEMBLEIA-ELETIVA-DE-POSSE-RAMON-FEDERA\u00c7\u00c3O-PAULISTA-DE-FUTSAL-2020-2.jpg 1032w, https:\/\/www.federacaopaulistadefutsal.com.br\/novo\/wp-content\/uploads\/2020\/01\/FOTO-ASSEMBLEIA-ELETIVA-DE-POSSE-RAMON-FEDERA\u00c7\u00c3O-PAULISTA-DE-FUTSAL-2020-2-300x169.jpg 300w, https:\/\/www.federacaopaulistadefutsal.com.br\/novo\/wp-content\/uploads\/2020\/01\/FOTO-ASSEMBLEIA-ELETIVA-DE-POSSE-RAMON-FEDERA\u00c7\u00c3O-PAULISTA-DE-FUTSAL-2020-2-768x432.jpg 768w, https:\/\/www.federacaopaulistadefutsal.com.br\/novo\/wp-content\/uploads\/2020\/01\/FOTO-ASSEMBLEIA-ELETIVA-DE-POSSE-RAMON-FEDERA\u00c7\u00c3O-PAULISTA-DE-FUTSAL-2020-2-1024x576.jpg 1024w\" sizes=\"(max-width: 1032px) 100vw, 1032px\" \/><\/a>\n\t\t\t<\/div><\/figure><figure class='gallery-item'>\n\t\t\t<div class='gallery-icon landscape'>\n\t\t\t\t<a href='https:\/\/www.federacaopaulistadefutsal.com.br\/novo\/wp-content\/uploads\/2020\/01\/FOTO-ASSEMBLEIA-ELETIVA-DE-POSSE-RAMON-FEDERA\u00c7\u00c3O-PAULISTA-DE-FUTSAL-2020-3.jpg'><img decoding=\"async\" width=\"5184\" height=\"3456\" src=\"https:\/\/www.federacaopaulistadefutsal.com.br\/novo\/wp-content\/uploads\/2020\/01\/FOTO-ASSEMBLEIA-ELETIVA-DE-POSSE-RAMON-FEDERA\u00c7\u00c3O-PAULISTA-DE-FUTSAL-2020-3.jpg\" class=\"attachment-full size-full\" alt=\"\" srcset=\"https:\/\/www.federacaopaulistadefutsal.com.br\/novo\/wp-content\/uploads\/2020\/01\/FOTO-ASSEMBLEIA-ELETIVA-DE-POSSE-RAMON-FEDERA\u00c7\u00c3O-PAULISTA-DE-FUTSAL-2020-3.jpg 5184w, https:\/\/www.federacaopaulistadefutsal.com.br\/novo\/wp-content\/uploads\/2020\/01\/FOTO-ASSEMBLEIA-ELETIVA-DE-POSSE-RAMON-FEDERA\u00c7\u00c3O-PAULISTA-DE-FUTSAL-2020-3-300x200.jpg 300w, https:\/\/www.federacaopaulistadefutsal.com.br\/novo\/wp-content\/uploads\/2020\/01\/FOTO-ASSEMBLEIA-ELETIVA-DE-POSSE-RAMON-FEDERA\u00c7\u00c3O-PAULISTA-DE-FUTSAL-2020-3-768x512.jpg 768w, https:\/\/www.federacaopaulistadefutsal.com.br\/novo\/wp-content\/uploads\/2020\/01\/FOTO-ASSEMBLEIA-ELETIVA-DE-POSSE-RAMON-FEDERA\u00c7\u00c3O-PAULISTA-DE-FUTSAL-2020-3-1024x683.jpg 1024w\" sizes=\"(max-width: 5184px) 100vw, 5184px\" \/><\/a>\n\t\t\t<\/div><\/figure><figure class='gallery-item'>\n\t\t\t<div class='gallery-icon landscape'>\n\t\t\t\t<a href='https:\/\/www.federacaopaulistadefutsal.com.br\/novo\/wp-content\/uploads\/2020\/01\/FOTO-ASSEMBLEIA-ELETIVA-DE-POSSE-RAMON-FEDERA\u00c7\u00c3O-PAULISTA-DE-FUTSAL-2020-4.jpg'><img decoding=\"async\" width=\"5184\" height=\"3456\" src=\"https:\/\/www.federacaopaulistadefutsal.com.br\/novo\/wp-content\/uploads\/2020\/01\/FOTO-ASSEMBLEIA-ELETIVA-DE-POSSE-RAMON-FEDERA\u00c7\u00c3O-PAULISTA-DE-FUTSAL-2020-4.jpg\" class=\"attachment-full size-full\" alt=\"\" srcset=\"https:\/\/www.federacaopaulistadefutsal.com.br\/novo\/wp-content\/uploads\/2020\/01\/FOTO-ASSEMBLEIA-ELETIVA-DE-POSSE-RAMON-FEDERA\u00c7\u00c3O-PAULISTA-DE-FUTSAL-2020-4.jpg 5184w, https:\/\/www.federacaopaulistadefutsal.com.br\/novo\/wp-content\/uploads\/2020\/01\/FOTO-ASSEMBLEIA-ELETIVA-DE-POSSE-RAMON-FEDERA\u00c7\u00c3O-PAULISTA-DE-FUTSAL-2020-4-300x200.jpg 300w, https:\/\/www.federacaopaulistadefutsal.com.br\/novo\/wp-content\/uploads\/2020\/01\/FOTO-ASSEMBLEIA-ELETIVA-DE-POSSE-RAMON-FEDERA\u00c7\u00c3O-PAULISTA-DE-FUTSAL-2020-4-768x512.jpg 768w, https:\/\/www.federacaopaulistadefutsal.com.br\/novo\/wp-content\/uploads\/2020\/01\/FOTO-ASSEMBLEIA-ELETIVA-DE-POSSE-RAMON-FEDERA\u00c7\u00c3O-PAULISTA-DE-FUTSAL-2020-4-1024x683.jpg 1024w\" sizes=\"(max-width: 5184px) 100vw, 5184px\" \/><\/a>\n\t\t\t<\/div><\/figure><figure class='gallery-item'>\n\t\t\t<div class='gallery-icon landscape'>\n\t\t\t\t<a href='https:\/\/www.federacaopaulistadefutsal.com.br\/novo\/wp-content\/uploads\/2020\/01\/FOTO-ASSEMBLEIA-ELETIVA-DE-POSSE-RAMON-FEDERA\u00c7\u00c3O-PAULISTA-DE-FUTSAL-2020-5.jpg'><img loading=\"lazy\" decoding=\"async\" width=\"3168\" height=\"2592\" src=\"https:\/\/www.federacaopaulistadefutsal.com.br\/novo\/wp-content\/uploads\/2020\/01\/FOTO-ASSEMBLEIA-ELETIVA-DE-POSSE-RAMON-FEDERA\u00c7\u00c3O-PAULISTA-DE-FUTSAL-2020-5.jpg\" class=\"attachment-full size-full\" alt=\"\" srcset=\"https:\/\/www.federacaopaulistadefutsal.com.br\/novo\/wp-content\/uploads\/2020\/01\/FOTO-ASSEMBLEIA-ELETIVA-DE-POSSE-RAMON-FEDERA\u00c7\u00c3O-PAULISTA-DE-FUTSAL-2020-5.jpg 3168w, https:\/\/www.federacaopaulistadefutsal.com.br\/novo\/wp-content\/uploads\/2020\/01\/FOTO-ASSEMBLEIA-ELETIVA-DE-POSSE-RAMON-FEDERA\u00c7\u00c3O-PAULISTA-DE-FUTSAL-2020-5-300x245.jpg 300w, https:\/\/www.federacaopaulistadefutsal.com.br\/novo\/wp-content\/uploads\/2020\/01\/FOTO-ASSEMBLEIA-ELETIVA-DE-POSSE-RAMON-FEDERA\u00c7\u00c3O-PAULISTA-DE-FUTSAL-2020-5-768x628.jpg 768w, https:\/\/www.federacaopaulistadefutsal.com.br\/novo\/wp-content\/uploads\/2020\/01\/FOTO-ASSEMBLEIA-ELETIVA-DE-POSSE-RAMON-FEDERA\u00c7\u00c3O-PAULISTA-DE-FUTSAL-2020-5-1024x838.jpg 1024w\" sizes=\"(max-width: 3168px) 100vw, 3168px\" \/><\/a>\n\t\t\t<\/div><\/figure><figure class='gallery-item'>\n\t\t\t<div class='gallery-icon landscape'>\n\t\t\t\t<a href='https:\/\/www.federacaopaulistadefutsal.com.br\/novo\/wp-content\/uploads\/2020\/01\/FOTO-ASSEMBLEIA-ELETIVA-DE-POSSE-RAMON-FEDERA\u00c7\u00c3O-PAULISTA-DE-FUTSAL-2020-6.jpg'><img loading=\"lazy\" decoding=\"async\" width=\"5184\" height=\"3456\" src=\"https:\/\/www.federacaopaulistadefutsal.com.br\/novo\/wp-content\/uploads\/2020\/01\/FOTO-ASSEMBLEIA-ELETIVA-DE-POSSE-RAMON-FEDERA\u00c7\u00c3O-PAULISTA-DE-FUTSAL-2020-6.jpg\" class=\"attachment-full size-full\" alt=\"\" srcset=\"https:\/\/www.federacaopaulistadefutsal.com.br\/novo\/wp-content\/uploads\/2020\/01\/FOTO-ASSEMBLEIA-ELETIVA-DE-POSSE-RAMON-FEDERA\u00c7\u00c3O-PAULISTA-DE-FUTSAL-2020-6.jpg 5184w, https:\/\/www.federacaopaulistadefutsal.com.br\/novo\/wp-content\/uploads\/2020\/01\/FOTO-ASSEMBLEIA-ELETIVA-DE-POSSE-RAMON-FEDERA\u00c7\u00c3O-PAULISTA-DE-FUTSAL-2020-6-300x200.jpg 300w, https:\/\/www.federacaopaulistadefutsal.com.br\/novo\/wp-content\/uploads\/2020\/01\/FOTO-ASSEMBLEIA-ELETIVA-DE-POSSE-RAMON-FEDERA\u00c7\u00c3O-PAULISTA-DE-FUTSAL-2020-6-768x512.jpg 768w, https:\/\/www.federacaopaulistadefutsal.com.br\/novo\/wp-content\/uploads\/2020\/01\/FOTO-ASSEMBLEIA-ELETIVA-DE-POSSE-RAMON-FEDERA\u00c7\u00c3O-PAULISTA-DE-FUTSAL-2020-6-1024x683.jpg 1024w\" sizes=\"(max-width: 5184px) 100vw, 5184px\" \/><\/a>\n\t\t\t<\/div><\/figure><figure class='gallery-item'>\n\t\t\t<div class='gallery-icon landscape'>\n\t\t\t\t<a href='https:\/\/www.federacaopaulistadefutsal.com.br\/novo\/wp-content\/uploads\/2020\/01\/FOTO-ASSEMBLEIA-ELETIVA-DE-POSSE-RAMON-FEDERA\u00c7\u00c3O-PAULISTA-DE-FUTSAL-2020-7.jpg'><img loading=\"lazy\" decoding=\"async\" width=\"5184\" height=\"3456\" src=\"https:\/\/www.federacaopaulistadefutsal.com.br\/novo\/wp-content\/uploads\/2020\/01\/FOTO-ASSEMBLEIA-ELETIVA-DE-POSSE-RAMON-FEDERA\u00c7\u00c3O-PAULISTA-DE-FUTSAL-2020-7.jpg\" class=\"attachment-full size-full\" alt=\"\" srcset=\"https:\/\/www.federacaopaulistadefutsal.com.br\/novo\/wp-content\/uploads\/2020\/01\/FOTO-ASSEMBLEIA-ELETIVA-DE-POSSE-RAMON-FEDERA\u00c7\u00c3O-PAULISTA-DE-FUTSAL-2020-7.jpg 5184w, https:\/\/www.federacaopaulistadefutsal.com.br\/novo\/wp-content\/uploads\/2020\/01\/FOTO-ASSEMBLEIA-ELETIVA-DE-POSSE-RAMON-FEDERA\u00c7\u00c3O-PAULISTA-DE-FUTSAL-2020-7-300x200.jpg 300w, https:\/\/www.federacaopaulistadefutsal.com.br\/novo\/wp-content\/uploads\/2020\/01\/FOTO-ASSEMBLEIA-ELETIVA-DE-POSSE-RAMON-FEDERA\u00c7\u00c3O-PAULISTA-DE-FUTSAL-2020-7-768x512.jpg 768w, https:\/\/www.federacaopaulistadefutsal.com.br\/novo\/wp-content\/uploads\/2020\/01\/FOTO-ASSEMBLEIA-ELETIVA-DE-POSSE-RAMON-FEDERA\u00c7\u00c3O-PAULISTA-DE-FUTSAL-2020-7-1024x683.jpg 1024w\" sizes=\"(max-width: 5184px) 100vw, 5184px\" \/><\/a>\n\t\t\t<\/div><\/figure><figure class='gallery-item'>\n\t\t\t<div class='gallery-icon landscape'>\n\t\t\t\t<a href='https:\/\/www.federacaopaulistadefutsal.com.br\/novo\/wp-content\/uploads\/2020\/01\/FOTO-ASSEMBLEIA-ELETIVA-DE-POSSE-RAMON-FEDERA\u00c7\u00c3O-PAULISTA-DE-FUTSAL-2020-8.jpg'><img loading=\"lazy\" decoding=\"async\" width=\"5184\" height=\"3456\" src=\"https:\/\/www.federacaopaulistadefutsal.com.br\/novo\/wp-content\/uploads\/2020\/01\/FOTO-ASSEMBLEIA-ELETIVA-DE-POSSE-RAMON-FEDERA\u00c7\u00c3O-PAULISTA-DE-FUTSAL-2020-8.jpg\" class=\"attachment-full size-full\" alt=\"\" srcset=\"https:\/\/www.federacaopaulistadefutsal.com.br\/novo\/wp-content\/uploads\/2020\/01\/FOTO-ASSEMBLEIA-ELETIVA-DE-POSSE-RAMON-FEDERA\u00c7\u00c3O-PAULISTA-DE-FUTSAL-2020-8.jpg 5184w, https:\/\/www.federacaopaulistadefutsal.com.br\/novo\/wp-content\/uploads\/2020\/01\/FOTO-ASSEMBLEIA-ELETIVA-DE-POSSE-RAMON-FEDERA\u00c7\u00c3O-PAULISTA-DE-FUTSAL-2020-8-300x200.jpg 300w, https:\/\/www.federacaopaulistadefutsal.com.br\/novo\/wp-content\/uploads\/2020\/01\/FOTO-ASSEMBLEIA-ELETIVA-DE-POSSE-RAMON-FEDERA\u00c7\u00c3O-PAULISTA-DE-FUTSAL-2020-8-768x512.jpg 768w, https:\/\/www.federacaopaulistadefutsal.com.br\/novo\/wp-content\/uploads\/2020\/01\/FOTO-ASSEMBLEIA-ELETIVA-DE-POSSE-RAMON-FEDERA\u00c7\u00c3O-PAULISTA-DE-FUTSAL-2020-8-1024x683.jpg 1024w\" sizes=\"(max-width: 5184px) 100vw, 5184px\" \/><\/a>\n\t\t\t<\/div><\/figure><figure class='gallery-item'>\n\t\t\t<div class='gallery-icon landscape'>\n\t\t\t\t<a href='https:\/\/www.federacaopaulistadefutsal.com.br\/novo\/wp-content\/uploads\/2020\/01\/FOTO-ASSEMBLEIA-ELETIVA-DE-POSSE-RAMON-FEDERA\u00c7\u00c3O-PAULISTA-DE-FUTSAL-2020-9.jpg'><img loading=\"lazy\" decoding=\"async\" width=\"5184\" height=\"3456\" src=\"https:\/\/www.federacaopaulistadefutsal.com.br\/novo\/wp-content\/uploads\/2020\/01\/FOTO-ASSEMBLEIA-ELETIVA-DE-POSSE-RAMON-FEDERA\u00c7\u00c3O-PAULISTA-DE-FUTSAL-2020-9.jpg\" class=\"attachment-full size-full\" alt=\"\" srcset=\"https:\/\/www.federacaopaulistadefutsal.com.br\/novo\/wp-content\/uploads\/2020\/01\/FOTO-ASSEMBLEIA-ELETIVA-DE-POSSE-RAMON-FEDERA\u00c7\u00c3O-PAULISTA-DE-FUTSAL-2020-9.jpg 5184w, https:\/\/www.federacaopaulistadefutsal.com.br\/novo\/wp-content\/uploads\/2020\/01\/FOTO-ASSEMBLEIA-ELETIVA-DE-POSSE-RAMON-FEDERA\u00c7\u00c3O-PAULISTA-DE-FUTSAL-2020-9-300x200.jpg 300w, https:\/\/www.federacaopaulistadefutsal.com.br\/novo\/wp-content\/uploads\/2020\/01\/FOTO-ASSEMBLEIA-ELETIVA-DE-POSSE-RAMON-FEDERA\u00c7\u00c3O-PAULISTA-DE-FUTSAL-2020-9-768x512.jpg 768w, https:\/\/www.federacaopaulistadefutsal.com.br\/novo\/wp-content\/uploads\/2020\/01\/FOTO-ASSEMBLEIA-ELETIVA-DE-POSSE-RAMON-FEDERA\u00c7\u00c3O-PAULISTA-DE-FUTSAL-2020-9-1024x683.jpg 1024w\" sizes=\"(max-width: 5184px) 100vw, 5184px\" \/><\/a>\n\t\t\t<\/div><\/figure><figure class='gallery-item'>\n\t\t\t<div class='gallery-icon landscape'>\n\t\t\t\t<a href='https:\/\/www.federacaopaulistadefutsal.com.br\/novo\/wp-content\/uploads\/2020\/01\/FOTO-ASSEMBLEIA-ELETIVA-DE-POSSE-RAMON-FEDERA\u00c7\u00c3O-PAULISTA-DE-FUTSAL-2020-10.jpg'><img loading=\"lazy\" decoding=\"async\" width=\"5184\" height=\"3456\" src=\"https:\/\/www.federacaopaulistadefutsal.com.br\/novo\/wp-content\/uploads\/2020\/01\/FOTO-ASSEMBLEIA-ELETIVA-DE-POSSE-RAMON-FEDERA\u00c7\u00c3O-PAULISTA-DE-FUTSAL-2020-10.jpg\" class=\"attachment-full size-full\" alt=\"\" srcset=\"https:\/\/www.federacaopaulistadefutsal.com.br\/novo\/wp-content\/uploads\/2020\/01\/FOTO-ASSEMBLEIA-ELETIVA-DE-POSSE-RAMON-FEDERA\u00c7\u00c3O-PAULISTA-DE-FUTSAL-2020-10.jpg 5184w, https:\/\/www.federacaopaulistadefutsal.com.br\/novo\/wp-content\/uploads\/2020\/01\/FOTO-ASSEMBLEIA-ELETIVA-DE-POSSE-RAMON-FEDERA\u00c7\u00c3O-PAULISTA-DE-FUTSAL-2020-10-300x200.jpg 300w, https:\/\/www.federacaopaulistadefutsal.com.br\/novo\/wp-content\/uploads\/2020\/01\/FOTO-ASSEMBLEIA-ELETIVA-DE-POSSE-RAMON-FEDERA\u00c7\u00c3O-PAULISTA-DE-FUTSAL-2020-10-768x512.jpg 768w, https:\/\/www.federacaopaulistadefutsal.com.br\/novo\/wp-content\/uploads\/2020\/01\/FOTO-ASSEMBLEIA-ELETIVA-DE-POSSE-RAMON-FEDERA\u00c7\u00c3O-PAULISTA-DE-FUTSAL-2020-10-1024x683.jpg 1024w\" sizes=\"(max-width: 5184px) 100vw, 5184px\" \/><\/a>\n\t\t\t<\/div><\/figure><figure class='gallery-item'>\n\t\t\t<div class='gallery-icon landscape'>\n\t\t\t\t<a href='https:\/\/www.federacaopaulistadefutsal.com.br\/novo\/wp-content\/uploads\/2020\/01\/FOTO-ASSEMBLEIA-ELETIVA-DE-POSSE-RAMON-FEDERA\u00c7\u00c3O-PAULISTA-DE-FUTSAL-2020-11.jpg'><img loading=\"lazy\" decoding=\"async\" width=\"5184\" height=\"3456\" src=\"https:\/\/www.federacaopaulistadefutsal.com.br\/novo\/wp-content\/uploads\/2020\/01\/FOTO-ASSEMBLEIA-ELETIVA-DE-POSSE-RAMON-FEDERA\u00c7\u00c3O-PAULISTA-DE-FUTSAL-2020-11.jpg\" class=\"attachment-full size-full\" alt=\"\" srcset=\"https:\/\/www.federacaopaulistadefutsal.com.br\/novo\/wp-content\/uploads\/2020\/01\/FOTO-ASSEMBLEIA-ELETIVA-DE-POSSE-RAMON-FEDERA\u00c7\u00c3O-PAULISTA-DE-FUTSAL-2020-11.jpg 5184w, https:\/\/www.federacaopaulistadefutsal.com.br\/novo\/wp-content\/uploads\/2020\/01\/FOTO-ASSEMBLEIA-ELETIVA-DE-POSSE-RAMON-FEDERA\u00c7\u00c3O-PAULISTA-DE-FUTSAL-2020-11-300x200.jpg 300w, https:\/\/www.federacaopaulistadefutsal.com.br\/novo\/wp-content\/uploads\/2020\/01\/FOTO-ASSEMBLEIA-ELETIVA-DE-POSSE-RAMON-FEDERA\u00c7\u00c3O-PAULISTA-DE-FUTSAL-2020-11-768x512.jpg 768w, https:\/\/www.federacaopaulistadefutsal.com.br\/novo\/wp-content\/uploads\/2020\/01\/FOTO-ASSEMBLEIA-ELETIVA-DE-POSSE-RAMON-FEDERA\u00c7\u00c3O-PAULISTA-DE-FUTSAL-2020-11-1024x683.jpg 1024w\" sizes=\"(max-width: 5184px) 100vw, 5184px\" \/><\/a>\n\t\t\t<\/div><\/figure><figure class='gallery-item'>\n\t\t\t<div class='gallery-icon landscape'>\n\t\t\t\t<a href='https:\/\/www.federacaopaulistadefutsal.com.br\/novo\/wp-content\/uploads\/2020\/01\/FOTO-ASSEMBLEIA-ELETIVA-DE-POSSE-RAMON-FEDERA\u00c7\u00c3O-PAULISTA-DE-FUTSAL-2020-12.jpg'><img loading=\"lazy\" decoding=\"async\" width=\"5088\" height=\"3372\" src=\"https:\/\/www.federacaopaulistadefutsal.com.br\/novo\/wp-content\/uploads\/2020\/01\/FOTO-ASSEMBLEIA-ELETIVA-DE-POSSE-RAMON-FEDERA\u00c7\u00c3O-PAULISTA-DE-FUTSAL-2020-12.jpg\" class=\"attachment-full size-full\" alt=\"\" srcset=\"https:\/\/www.federacaopaulistadefutsal.com.br\/novo\/wp-content\/uploads\/2020\/01\/FOTO-ASSEMBLEIA-ELETIVA-DE-POSSE-RAMON-FEDERA\u00c7\u00c3O-PAULISTA-DE-FUTSAL-2020-12.jpg 5088w, https:\/\/www.federacaopaulistadefutsal.com.br\/novo\/wp-content\/uploads\/2020\/01\/FOTO-ASSEMBLEIA-ELETIVA-DE-POSSE-RAMON-FEDERA\u00c7\u00c3O-PAULISTA-DE-FUTSAL-2020-12-300x199.jpg 300w, https:\/\/www.federacaopaulistadefutsal.com.br\/novo\/wp-content\/uploads\/2020\/01\/FOTO-ASSEMBLEIA-ELETIVA-DE-POSSE-RAMON-FEDERA\u00c7\u00c3O-PAULISTA-DE-FUTSAL-2020-12-768x509.jpg 768w, https:\/\/www.federacaopaulistadefutsal.com.br\/novo\/wp-content\/uploads\/2020\/01\/FOTO-ASSEMBLEIA-ELETIVA-DE-POSSE-RAMON-FEDERA\u00c7\u00c3O-PAULISTA-DE-FUTSAL-2020-12-1024x679.jpg 1024w\" sizes=\"(max-width: 5088px) 100vw, 5088px\" \/><\/a>\n\t\t\t<\/div><\/figure><figure class='gallery-item'>\n\t\t\t<div class='gallery-icon landscape'>\n\t\t\t\t<a href='https:\/\/www.federacaopaulistadefutsal.com.br\/novo\/wp-content\/uploads\/2020\/01\/FOTO-ASSEMBLEIA-ELETIVA-DE-POSSE-RAMON-FEDERA\u00c7\u00c3O-PAULISTA-DE-FUTSAL-2020-13.jpg'><img loading=\"lazy\" decoding=\"async\" width=\"5184\" height=\"3456\" src=\"https:\/\/www.federacaopaulistadefutsal.com.br\/novo\/wp-content\/uploads\/2020\/01\/FOTO-ASSEMBLEIA-ELETIVA-DE-POSSE-RAMON-FEDERA\u00c7\u00c3O-PAULISTA-DE-FUTSAL-2020-13.jpg\" class=\"attachment-full size-full\" alt=\"\" srcset=\"https:\/\/www.federacaopaulistadefutsal.com.br\/novo\/wp-content\/uploads\/2020\/01\/FOTO-ASSEMBLEIA-ELETIVA-DE-POSSE-RAMON-FEDERA\u00c7\u00c3O-PAULISTA-DE-FUTSAL-2020-13.jpg 5184w, https:\/\/www.federacaopaulistadefutsal.com.br\/novo\/wp-content\/uploads\/2020\/01\/FOTO-ASSEMBLEIA-ELETIVA-DE-POSSE-RAMON-FEDERA\u00c7\u00c3O-PAULISTA-DE-FUTSAL-2020-13-300x200.jpg 300w, https:\/\/www.federacaopaulistadefutsal.com.br\/novo\/wp-content\/uploads\/2020\/01\/FOTO-ASSEMBLEIA-ELETIVA-DE-POSSE-RAMON-FEDERA\u00c7\u00c3O-PAULISTA-DE-FUTSAL-2020-13-768x512.jpg 768w, https:\/\/www.federacaopaulistadefutsal.com.br\/novo\/wp-content\/uploads\/2020\/01\/FOTO-ASSEMBLEIA-ELETIVA-DE-POSSE-RAMON-FEDERA\u00c7\u00c3O-PAULISTA-DE-FUTSAL-2020-13-1024x683.jpg 1024w\" sizes=\"(max-width: 5184px) 100vw, 5184px\" \/><\/a>\n\t\t\t<\/div><\/figure>\n\t\t<\/div>\n\n","protected":false},"excerpt":{"rendered":"<p>Hoje, quarta-feira (29\/01), o atual presidente Sr. Ramon foi reeleito para a\u00a0 presid\u00eancia da Federa\u00e7\u00e3o Paulista de Futsal para o<\/p>\n","protected":false},"author":2,"featured_media":31712,"comment_status":"open","ping_status":"open","sticky":false,"template":"","format":"standard","meta":{"footnotes":""},"categories":[2660,25,2662,2651,1,2692],"tags":[2841,629,42,1131,1151,1534,1857,2031,2056,2873],"class_list":["post-31695","post","type-post","status-publish","format-standard","has-post-thumbnail","hentry","category-home-destaque","category-destaques","category-homeparte3","category-noticias","category-novidades","category-onde-tudo-comecou","tag-agua-boa","tag-clubes","tag-fpfs","tag-futsal","tag-futsal-paulista","tag-ligas","tag-penalty","tag-ramon","tag-reeleito","tag-segasp-sport"],"_links":{"self":[{"href":"https:\/\/www.federacaopaulistadefutsal.com.br\/novo\/wp-json\/wp\/v2\/posts\/31695","targetHints":{"allow":["GET"]}}],"collection":[{"href":"https:\/\/www.federacaopaulistadefutsal.com.br\/novo\/wp-json\/wp\/v2\/posts"}],"about":[{"href":"https:\/\/www.federacaopaulistadefutsal.com.br\/novo\/wp-json\/wp\/v2\/types\/post"}],"author":[{"embeddable":true,"href":"https:\/\/www.federacaopaulistadefutsal.com.br\/novo\/wp-json\/wp\/v2\/users\/2"}],"replies":[{"embeddable":true,"href":"https:\/\/www.federacaopaulistadefutsal.com.br\/novo\/wp-json\/wp\/v2\/comments?post=31695"}],"version-history":[{"count":15,"href":"https:\/\/www.federacaopaulistadefutsal.com.br\/novo\/wp-json\/wp\/v2\/posts\/31695\/revisions"}],"predecessor-version":[{"id":31734,"href":"https:\/\/www.federacaopaulistadefutsal.com.br\/novo\/wp-json\/wp\/v2\/posts\/31695\/revisions\/31734"}],"wp:featuredmedia":[{"embeddable":true,"href":"https:\/\/www.federacaopaulistadefutsal.com.br\/novo\/wp-json\/wp\/v2\/media\/31712"}],"wp:attachment":[{"href":"https:\/\/www.federacaopaulistadefutsal.com.br\/novo\/wp-json\/wp\/v2\/media?parent=31695"}],"wp:term":[{"taxonomy":"category","embeddable":true,"href":"https:\/\/www.federacaopaulistadefutsal.com.br\/novo\/wp-json\/wp\/v2\/categories?post=31695"},{"taxonomy":"post_tag","embeddable":true,"href":"https:\/\/www.federacaopaulistadefutsal.com.br\/novo\/wp-json\/wp\/v2\/tags?post=31695"}],"curies":[{"name":"wp","href":"https:\/\/api.w.org\/{rel}","templated":true}]}}