{"id":31872,"date":"2020-02-11T20:11:16","date_gmt":"2020-02-11T20:11:16","guid":{"rendered":"http:\/\/www.federacaopaulistadefutsal.com.br\/novo\/?p=31872"},"modified":"2020-02-11T20:11:16","modified_gmt":"2020-02-11T20:11:16","slug":"pre-temporada-dos-oficiais-de-arbitragem-ocorrera-neste-final-de-semana-em-embu-das-artes","status":"publish","type":"post","link":"https:\/\/www.federacaopaulistadefutsal.com.br\/novo\/pre-temporada-dos-oficiais-de-arbitragem-ocorrera-neste-final-de-semana-em-embu-das-artes\/","title":{"rendered":"PR\u00c9-TEMPORADA DOS OFICIAIS DE ARBITRAGEM OCORRER\u00c1 NESTE FINAL DE SEMANA EM EMBU DAS ARTES"},"content":{"rendered":"<p>A FPFS &#8211; Federa\u00e7\u00e3o Paulista de Futsal, vem por meio desta, informar a realiza\u00e7\u00e3o da pr\u00e9 temporada dos oficiais de arbitragem 2020, capital e regional 1, 2, 3 e 4 neste pr\u00f3ximo s\u00e1bado dia 15\/02.<\/p>\n<p>As ligas filiadas, juntamente com a FPFS e oficiais de arbitragem, buscando a necessidade de aprimoramento, unifica\u00e7\u00e3o, padroniza\u00e7\u00e3o, capacita\u00e7\u00e3o, atualiza\u00e7\u00e3o e aplica\u00e7\u00e3o de avalia\u00e7\u00e3o te\u00f3rica, realizar\u00e1 neste s\u00e1bado a pr\u00e9- temporada dos oficiais de arbitragem, sediada pela Liga Embugua\u00e7uense de Futebol de Sal\u00e3o.<\/p>\n<p>LOCAL: Hotel Rancho Silvestre Lazer e Eventos.<\/p>\n<p>ENDERE\u00c7O: Rua Estrada para Votorantim, 700 \u2013 Emb\u00fa das Artes.<\/p>\n<p>As Ligas que estiverem em condi\u00e7\u00e3o, dever\u00e3o enviar email contendo comprovante de dep\u00f3sito e Of\u00edcio em anexo, informando os nomes dos oficiais de arbitragem que ir\u00e3o participar da pr\u00e9-temporada aos cuidados de joaorocumback@hotmail.com\u00a0 e para claudia@futsal.com.br, IMPRETERIVELMENTE at\u00e9 quarta-feira, dia 12 de fevereiro, \u00e0s 17:00 horas.<\/p>\n<p>OBS: N\u00e3o ser\u00e3o aceitas inscri\u00e7\u00f5es individuais de Oficiais de Arbitragens vinculados \u00e0 Ligas filiadas \u00e0 esta Federa\u00e7\u00e3o. Conforme citado anteriormente.<\/p>\n<p>Os oficiais da Capital dever\u00e3o fazer suas inscri\u00e7\u00f5es, individualmente, diretamente nos emails informados e tamb\u00e9m com envio do comprovante de dep\u00f3sito.<\/p>\n<p>&#8211; VALOR: R$ 120,00 (cento e vinte reais) por oficial de arbitragem (inclu\u00eddo almo\u00e7o e coffee break)<\/p>\n<p>\u00c0 ser depositado:<\/p>\n<p>Liga Embugua\u00e7uense de Futebol de Sal\u00e3o<\/p>\n<p>Banco Santander<\/p>\n<p>Ag\u00eancia 0254<\/p>\n<p>Conta Corrente 13-000970-7<\/p>\n<p>CNPJ\u00a0 59.040.402\/0001-62<\/p>\n<p>&#8211; Os oficiais que n\u00e3o participarem da pr\u00e9-temporada e n\u00e3o atingirem a m\u00e9dia 7,0 (sete), n\u00e3o estar\u00e3o aptos \u00e0 inscri\u00e7\u00e3o junto \u00e0 FPFS. Por\u00e9m, o fato de participarem, n\u00e3o garante inscri\u00e7\u00e3o e obrigatoriedade do Departamento de Oficiais em aceitar inscri\u00e7\u00e3o e ou escalar nos jogos desta entidade.<\/p>\n<p>\u2013 A Liga sediante dever\u00e1 enviar para o Departamento de Oficiais, a rela\u00e7\u00e3o contendo os nomes dos participantes e suas assinaturas.<\/p>\n<p>\u2013 As Ligas dever\u00e3o estar quites com suas contas (anuidade 2020 e pend\u00eancias financeiras anteriores) e documentos junto \u00e0 FPFS.<\/p>\n<p>*OS OFICIAIS DE ARBITRAGEM QUE N\u00c3O PUDEREM COMPARECER NA DATA E LOCAL CITADO A CIMA, TER\u00c1 COMO OP\u00c7\u00c3O, PARTICIPAR DA PR\u00c9-TEMPORADA QUE SER\u00c1 REALIZADA DIA 14 DE MAR\u00c7O DE 2020 EM PEN\u00c1POLIS. CASO HAJA INTERESSE, SOLICITAR INFORMA\u00c7\u00d5ES JUNTO AO DEPARTAMENTO DE OFICIAIS.<\/p>\n<p>PROGRAMA\u00c7\u00c3O:<\/p>\n<p>11:00h \u00e0s 13:00h \u2013 Credenciamento e Almo\u00e7o<\/p>\n<p>13:30h \u2013 Abertura<\/p>\n<p>14:00h \u2013 Palestra:\u00a0 \u201cTOMADAS DE DECIS\u00d5ES E SUAS RESPONSABILIDADES\u201d \u2013 Coach Prof. Adriano Betelli<\/p>\n<p>15:00H \u2013 Disposi\u00e7\u00f5es Iniciais e recomenda\u00e7\u00f5es<\/p>\n<p>16:00h \u2013 Regras 2020<\/p>\n<p>17:00h \u2013 17:20h \u2013 Coffee Break<\/p>\n<p>17:30h \u00e0s 18:45h \u2013 Avalia\u00e7\u00e3o te\u00f3rica<\/p>\n<p>18:50h \u2013 Discuss\u00e3o sobre as respostas da avalia\u00e7\u00e3o te\u00f3rica<\/p>\n<p>19:30H &#8211; Encerramento<\/p>\n<p>A avalia\u00e7\u00e3o te\u00f3rica dever\u00e1 ser preenchida com caneta de cor AZUL.<\/p>\n<p>As Disposi\u00e7\u00f5es Iniciais 2020 tamb\u00e9m ser\u00e1 aplicada na avalia\u00e7\u00e3o te\u00f3rica.<\/p>\n<p>Solicitamos para que os prazos citados e hor\u00e1rios da programa\u00e7\u00e3o sejam respeitados para n\u00e3o prejudicar a organiza\u00e7\u00e3o e o retorno de todos para suas resid\u00eancias.<\/p>\n","protected":false},"excerpt":{"rendered":"<p>A FPFS &#8211; Federa\u00e7\u00e3o Paulista de Futsal, vem por meio desta, informar a realiza\u00e7\u00e3o da pr\u00e9 temporada dos oficiais de<\/p>\n","protected":false},"author":2,"featured_media":31874,"comment_status":"open","ping_status":"open","sticky":false,"template":"","format":"standard","meta":{"footnotes":""},"categories":[21,2660,25,2662,28,2651],"tags":[256,509,42,1131,1334,2885,1937],"class_list":["post-31872","post","type-post","status-publish","format-standard","has-post-thumbnail","hentry","category-arbitragem","category-home-destaque","category-destaques","category-homeparte3","category-fpfs-acontece","category-noticias","tag-arbitragem","tag-capital","tag-fpfs","tag-futsal","tag-interior","tag-liga-embuguacuense-de-f-s","tag-pre-temporada"],"_links":{"self":[{"href":"https:\/\/www.federacaopaulistadefutsal.com.br\/novo\/wp-json\/wp\/v2\/posts\/31872","targetHints":{"allow":["GET"]}}],"collection":[{"href":"https:\/\/www.federacaopaulistadefutsal.com.br\/novo\/wp-json\/wp\/v2\/posts"}],"about":[{"href":"https:\/\/www.federacaopaulistadefutsal.com.br\/novo\/wp-json\/wp\/v2\/types\/post"}],"author":[{"embeddable":true,"href":"https:\/\/www.federacaopaulistadefutsal.com.br\/novo\/wp-json\/wp\/v2\/users\/2"}],"replies":[{"embeddable":true,"href":"https:\/\/www.federacaopaulistadefutsal.com.br\/novo\/wp-json\/wp\/v2\/comments?post=31872"}],"version-history":[{"count":1,"href":"https:\/\/www.federacaopaulistadefutsal.com.br\/novo\/wp-json\/wp\/v2\/posts\/31872\/revisions"}],"predecessor-version":[{"id":31876,"href":"https:\/\/www.federacaopaulistadefutsal.com.br\/novo\/wp-json\/wp\/v2\/posts\/31872\/revisions\/31876"}],"wp:featuredmedia":[{"embeddable":true,"href":"https:\/\/www.federacaopaulistadefutsal.com.br\/novo\/wp-json\/wp\/v2\/media\/31874"}],"wp:attachment":[{"href":"https:\/\/www.federacaopaulistadefutsal.com.br\/novo\/wp-json\/wp\/v2\/media?parent=31872"}],"wp:term":[{"taxonomy":"category","embeddable":true,"href":"https:\/\/www.federacaopaulistadefutsal.com.br\/novo\/wp-json\/wp\/v2\/categories?post=31872"},{"taxonomy":"post_tag","embeddable":true,"href":"https:\/\/www.federacaopaulistadefutsal.com.br\/novo\/wp-json\/wp\/v2\/tags?post=31872"}],"curies":[{"name":"wp","href":"https:\/\/api.w.org\/{rel}","templated":true}]}}