{"id":3213,"date":"2015-01-08T11:15:18","date_gmt":"2015-01-08T11:15:18","guid":{"rendered":"http:\/\/www.federacaopaulistadefutsal.com.br\/?p=3213"},"modified":"2015-01-08T11:15:18","modified_gmt":"2015-01-08T11:15:18","slug":"pinhal-futsal-realiza-peneiras-para-garotos-de-19-a-23-anos","status":"publish","type":"post","link":"https:\/\/www.federacaopaulistadefutsal.com.br\/novo\/pinhal-futsal-realiza-peneiras-para-garotos-de-19-a-23-anos\/","title":{"rendered":"Pinhal Futsal realiza peneiras para garotos de 19 a 23 anos"},"content":{"rendered":"<p>As\u00a0avalia\u00e7\u00f5es para fazer parte da equipe masculina da Pinhal Futsal ser\u00e1 no dia 19 de janeiro, a partir das 10 horas, no Gin\u00e1sio da Federa\u00e7\u00e3o em S\u00e3o Paulo.\u00a0As inscri\u00e7\u00f5es devem ser feita atrav\u00e9s do email: pinhal_futsal@vivointernetdiscada.com.br.<br \/>\nA peneira dar\u00e1 prefer\u00eancias para jogadores entre\u00a019 a 23 anos de idade. Os atletas dever\u00e3o levar t\u00eanis, mei\u00e3o, shorts e camiseta, al\u00e9m do RG.<br \/>\nPor Assessoria FPFS<\/p>\n","protected":false},"excerpt":{"rendered":"<p>As\u00a0avalia\u00e7\u00f5es para fazer parte da equipe masculina da Pinhal Futsal ser\u00e1 no dia 19 de janeiro, a partir das 10<\/p>\n","protected":false},"author":1,"featured_media":0,"comment_status":"closed","ping_status":"open","sticky":false,"template":"","format":"standard","meta":{"footnotes":""},"categories":[25],"tags":[],"class_list":["post-3213","post","type-post","status-publish","format-standard","hentry","category-destaques"],"_links":{"self":[{"href":"https:\/\/www.federacaopaulistadefutsal.com.br\/novo\/wp-json\/wp\/v2\/posts\/3213","targetHints":{"allow":["GET"]}}],"collection":[{"href":"https:\/\/www.federacaopaulistadefutsal.com.br\/novo\/wp-json\/wp\/v2\/posts"}],"about":[{"href":"https:\/\/www.federacaopaulistadefutsal.com.br\/novo\/wp-json\/wp\/v2\/types\/post"}],"author":[{"embeddable":true,"href":"https:\/\/www.federacaopaulistadefutsal.com.br\/novo\/wp-json\/wp\/v2\/users\/1"}],"replies":[{"embeddable":true,"href":"https:\/\/www.federacaopaulistadefutsal.com.br\/novo\/wp-json\/wp\/v2\/comments?post=3213"}],"version-history":[{"count":0,"href":"https:\/\/www.federacaopaulistadefutsal.com.br\/novo\/wp-json\/wp\/v2\/posts\/3213\/revisions"}],"wp:attachment":[{"href":"https:\/\/www.federacaopaulistadefutsal.com.br\/novo\/wp-json\/wp\/v2\/media?parent=3213"}],"wp:term":[{"taxonomy":"category","embeddable":true,"href":"https:\/\/www.federacaopaulistadefutsal.com.br\/novo\/wp-json\/wp\/v2\/categories?post=3213"},{"taxonomy":"post_tag","embeddable":true,"href":"https:\/\/www.federacaopaulistadefutsal.com.br\/novo\/wp-json\/wp\/v2\/tags?post=3213"}],"curies":[{"name":"wp","href":"https:\/\/api.w.org\/{rel}","templated":true}]}}