{"id":32286,"date":"2020-03-30T01:23:27","date_gmt":"2020-03-30T01:23:27","guid":{"rendered":"http:\/\/www.federacaopaulistadefutsal.com.br\/novo\/?p=32286"},"modified":"2020-03-30T01:23:27","modified_gmt":"2020-03-30T01:23:27","slug":"nota-de-falecimento-morre-sergio-que-trabalhou-por-anos-nas-categorias-de-base-do-lausanne-paulista-f-c","status":"publish","type":"post","link":"https:\/\/www.federacaopaulistadefutsal.com.br\/novo\/nota-de-falecimento-morre-sergio-que-trabalhou-por-anos-nas-categorias-de-base-do-lausanne-paulista-f-c\/","title":{"rendered":"NOTA DE FALECIMENTO: MORRE SERGIO QUE TRABALHOU POR ANOS NAS CATEGORIAS DE BASE DO LAUSANNE PAULISTA F.C"},"content":{"rendered":"<p>A Federa\u00e7\u00e3o Paulista de Futsal (FPFS), entidade que administra e organiza o esporte das quadras em S\u00e3o Paulo, atrav\u00e9s deste espa\u00e7o, informa, com muito pesar, o falecimento de Sergio, que por muitos anos trabalhou nas categorias de base da equipe Lausanne Paulista F.C.<\/p>\n<p>Em respeito aos amigos e familiares, a FPFS, presta sua solidariedade e reconhece a import\u00e2ncia dos colaboradores que fazem com que os salonistas e o futsal cres\u00e7am cada dia mais.<\/p>\n<p>&nbsp;<\/p>\n<div id='gallery-1' class='gallery galleryid-32286 gallery-columns-3 gallery-size-colormag-featured-image'><figure class='gallery-item'>\n\t\t\t<div class='gallery-icon portrait'>\n\t\t\t\t<a href='https:\/\/www.federacaopaulistadefutsal.com.br\/novo\/nota-de-falecimento-morre-sergio-que-trabalhou-por-anos-nas-categorias-de-base-do-lausanne-paulista-f-c\/img-20200329-wa0023\/'><img decoding=\"async\" width=\"131\" height=\"325\" src=\"https:\/\/www.federacaopaulistadefutsal.com.br\/novo\/wp-content\/uploads\/2020\/03\/IMG-20200329-WA0023.jpg\" class=\"attachment-colormag-featured-image size-colormag-featured-image\" alt=\"\" srcset=\"https:\/\/www.federacaopaulistadefutsal.com.br\/novo\/wp-content\/uploads\/2020\/03\/IMG-20200329-WA0023.jpg 131w, https:\/\/www.federacaopaulistadefutsal.com.br\/novo\/wp-content\/uploads\/2020\/03\/IMG-20200329-WA0023-121x300.jpg 121w\" sizes=\"(max-width: 131px) 100vw, 131px\" \/><\/a>\n\t\t\t<\/div><\/figure><figure class='gallery-item'>\n\t\t\t<div class='gallery-icon portrait'>\n\t\t\t\t<a href='https:\/\/www.federacaopaulistadefutsal.com.br\/novo\/nota-de-falecimento-morre-sergio-que-trabalhou-por-anos-nas-categorias-de-base-do-lausanne-paulista-f-c\/img-20200329-wa0025\/'><img fetchpriority=\"high\" decoding=\"async\" width=\"540\" height=\"445\" src=\"https:\/\/www.federacaopaulistadefutsal.com.br\/novo\/wp-content\/uploads\/2020\/03\/IMG-20200329-WA0025-540x445.jpg\" class=\"attachment-colormag-featured-image size-colormag-featured-image\" alt=\"\" \/><\/a>\n\t\t\t<\/div><\/figure>\n\t\t<\/div>\n\n","protected":false},"excerpt":{"rendered":"<p>A Federa\u00e7\u00e3o Paulista de Futsal (FPFS), entidade que administra e organiza o esporte das quadras em S\u00e3o Paulo, atrav\u00e9s deste<\/p>\n","protected":false},"author":2,"featured_media":32287,"comment_status":"open","ping_status":"open","sticky":false,"template":"","format":"standard","meta":{"footnotes":""},"categories":[22,25,28,2651,1],"tags":[2710,2890,42,1569],"class_list":["post-32286","post","type-post","status-publish","format-standard","has-post-thumbnail","hentry","category-comunicado","category-destaques","category-fpfs-acontece","category-noticias","category-novidades","tag-federacaopaulistadefutsal","tag-lausannepaulista","tag-fpfs","tag-luto"],"_links":{"self":[{"href":"https:\/\/www.federacaopaulistadefutsal.com.br\/novo\/wp-json\/wp\/v2\/posts\/32286","targetHints":{"allow":["GET"]}}],"collection":[{"href":"https:\/\/www.federacaopaulistadefutsal.com.br\/novo\/wp-json\/wp\/v2\/posts"}],"about":[{"href":"https:\/\/www.federacaopaulistadefutsal.com.br\/novo\/wp-json\/wp\/v2\/types\/post"}],"author":[{"embeddable":true,"href":"https:\/\/www.federacaopaulistadefutsal.com.br\/novo\/wp-json\/wp\/v2\/users\/2"}],"replies":[{"embeddable":true,"href":"https:\/\/www.federacaopaulistadefutsal.com.br\/novo\/wp-json\/wp\/v2\/comments?post=32286"}],"version-history":[{"count":1,"href":"https:\/\/www.federacaopaulistadefutsal.com.br\/novo\/wp-json\/wp\/v2\/posts\/32286\/revisions"}],"predecessor-version":[{"id":32290,"href":"https:\/\/www.federacaopaulistadefutsal.com.br\/novo\/wp-json\/wp\/v2\/posts\/32286\/revisions\/32290"}],"wp:featuredmedia":[{"embeddable":true,"href":"https:\/\/www.federacaopaulistadefutsal.com.br\/novo\/wp-json\/wp\/v2\/media\/32287"}],"wp:attachment":[{"href":"https:\/\/www.federacaopaulistadefutsal.com.br\/novo\/wp-json\/wp\/v2\/media?parent=32286"}],"wp:term":[{"taxonomy":"category","embeddable":true,"href":"https:\/\/www.federacaopaulistadefutsal.com.br\/novo\/wp-json\/wp\/v2\/categories?post=32286"},{"taxonomy":"post_tag","embeddable":true,"href":"https:\/\/www.federacaopaulistadefutsal.com.br\/novo\/wp-json\/wp\/v2\/tags?post=32286"}],"curies":[{"name":"wp","href":"https:\/\/api.w.org\/{rel}","templated":true}]}}