{"id":32317,"date":"2020-04-08T15:40:14","date_gmt":"2020-04-08T15:40:14","guid":{"rendered":"http:\/\/www.federacaopaulistadefutsal.com.br\/novo\/?p=32317"},"modified":"2020-04-08T15:42:28","modified_gmt":"2020-04-08T15:42:28","slug":"o-atleta-eder-lima-do-corinthians-futsal-faz-campanha-para-a-arrecadar-alimentos-para-doacoes","status":"publish","type":"post","link":"https:\/\/www.federacaopaulistadefutsal.com.br\/novo\/o-atleta-eder-lima-do-corinthians-futsal-faz-campanha-para-a-arrecadar-alimentos-para-doacoes\/","title":{"rendered":"O ATLETA EDER LIMA DO CORINTHIANS FUTSAL FAZ CAMPANHA PARA A ARRECADAR ALIMENTOS PARA DOA\u00c7\u00d5ES"},"content":{"rendered":"<p>Hoje, 08\/04, em suas redes sociais o piv\u00f4 Eder Lima, atleta do S.C Corinthians Futsal postou uma campanha para arrecada\u00e7\u00e3o de alimentos n\u00e3o perec\u00edveis para doa\u00e7\u00e3o.<\/p>\n<p>Em um breve v\u00eddeo postado no seu Instagram, o atleta explica como participar desta arrecada\u00e7\u00e3o que consiste em colher alimentos, cestas b\u00e1sicas ou qualquer valor para ser revertido em alimentos para doar em comunidades carentes neste momento t\u00e3o complicado que enfrentamos devido a pandemia de COVID-19.<\/p>\n<p>Confira:<\/p>\n<blockquote class=\"instagram-media\" style=\"background: #FFF; border: 0; border-radius: 3px; box-shadow: 0 0 1px 0 rgba(0,0,0,0.5),0 1px 10px 0 rgba(0,0,0,0.15); margin: 1px; max-width: 540px; min-width: 326px; padding: 0; width: calc(100% - 2px);\" data-instgrm-captioned=\"\" data-instgrm-permalink=\"https:\/\/www.instagram.com\/p\/B-uTj8vFhg7\/?utm_source=ig_embed&amp;utm_campaign=loading\" data-instgrm-version=\"12\">\n<div style=\"padding: 16px;\">\n<p>&nbsp;<\/p>\n<div style=\"display: flex; flex-direction: row; align-items: center;\"><\/div>\n<div style=\"padding: 19% 0;\"><\/div>\n<div style=\"display: block; height: 50px; margin: 0 auto 12px; width: 50px;\"><\/div>\n<div style=\"padding-top: 8px;\">\n<div style=\"color: #3897f0; font-family: Arial,sans-serif; font-size: 14px; font-style: normal; font-weight: 550; line-height: 18px;\">Ver essa foto no Instagram<\/div>\n<\/div>\n<div style=\"padding: 12.5% 0;\"><\/div>\n<div style=\"display: flex; flex-direction: row; margin-bottom: 14px; align-items: center;\"><\/div>\n<p>&nbsp;<\/p>\n<p style=\"margin: 8px 0 0 0; padding: 0 4px;\"><a style=\"color: #000; font-family: Arial,sans-serif; font-size: 14px; font-style: normal; font-weight: normal; line-height: 17px; text-decoration: none; word-wrap: break-word;\" href=\"https:\/\/www.instagram.com\/p\/B-uTj8vFhg7\/?utm_source=ig_embed&amp;utm_campaign=loading\" target=\"_blank\" rel=\"noopener\">#Repost @eder5lima \u2022 \u2022 \u2022 \u2022 \u2022 \u2022 S\u00e3o Paulo, Brazil \u201cJuntos somos mais fortes\u201d Nesse momento de dificuldade vamos juntar nossas for\u00e7as e ajudar o pr\u00f3ximo estaremos arrecadando alimentos cestas b\u00e1sicas ou qualquer valor que ser\u00e1 revertido em alimentos que possa ser doado para ser entregue nas comunidades carentes!!!Vamos juntos nessa!!! Local de entrega: @adegasereno : Rua Cai\u00e7ara do Rio do Vento n\u00ba955 JD Veronia Qualquer informa\u00e7\u00e3o chamar no direct @adegasereno ou pelo contato WhatsApp 011 93467-1774 \ud83d\ude4f\ud83d\ude4fObrigado Senhor por tudo\ud83d\ude4f \ud83d\ude4fSimples e Raiz\ud83d\udc0e\ud83d\udc0e Humildade\ud83d\udca8\ud83d\udca8<\/a><\/p>\n<p style=\"color: #c9c8cd; font-family: Arial,sans-serif; font-size: 14px; line-height: 17px; margin-bottom: 0; margin-top: 8px; overflow: hidden; padding: 8px 0 7px; text-align: center; text-overflow: ellipsis; white-space: nowrap;\">Uma publica\u00e7\u00e3o compartilhada por <a style=\"color: #c9c8cd; font-family: Arial,sans-serif; font-size: 14px; font-style: normal; font-weight: normal; line-height: 17px;\" href=\"https:\/\/www.instagram.com\/futsalpaulistaoficial\/?utm_source=ig_embed&amp;utm_campaign=loading\" target=\"_blank\" rel=\"noopener\"> Federa\u00e7\u00e3o Paulista de Futsal<\/a> (@futsalpaulistaoficial) em <time style=\"font-family: Arial,sans-serif; font-size: 14px; line-height: 17px;\" datetime=\"2020-04-08T14:38:54+00:00\">8 de Abr, 2020 \u00e0s 7:38 PDT<\/time><\/p>\n<\/div>\n<\/blockquote>\n<p><script async src=\"\/\/www.instagram.com\/embed.js\"><\/script><br \/>\nLocal de arrecada\u00e7\u00e3o: Rua Cai\u00e7ara do rio do vento, N\u00b0 955, Jardim Veronia.<\/p>\n<p>Tel: 9.3467-1774<\/p>\n","protected":false},"excerpt":{"rendered":"<p>Hoje, 08\/04, em suas redes sociais o piv\u00f4 Eder Lima, atleta do S.C Corinthians Futsal postou uma campanha para arrecada\u00e7\u00e3o<\/p>\n","protected":false},"author":2,"featured_media":32318,"comment_status":"open","ping_status":"open","sticky":false,"template":"","format":"standard","meta":{"footnotes":""},"categories":[2660,25,2651,1],"tags":[2895,2894,2710,2897,2896,42],"class_list":["post-32317","post","type-post","status-publish","format-standard","has-post-thumbnail","hentry","category-home-destaque","category-destaques","category-noticias","category-novidades","tag-doacoes","tag-ederlima","tag-federacaopaulistadefutsal","tag-ficaemcasa","tag-pandemia","tag-fpfs"],"_links":{"self":[{"href":"https:\/\/www.federacaopaulistadefutsal.com.br\/novo\/wp-json\/wp\/v2\/posts\/32317","targetHints":{"allow":["GET"]}}],"collection":[{"href":"https:\/\/www.federacaopaulistadefutsal.com.br\/novo\/wp-json\/wp\/v2\/posts"}],"about":[{"href":"https:\/\/www.federacaopaulistadefutsal.com.br\/novo\/wp-json\/wp\/v2\/types\/post"}],"author":[{"embeddable":true,"href":"https:\/\/www.federacaopaulistadefutsal.com.br\/novo\/wp-json\/wp\/v2\/users\/2"}],"replies":[{"embeddable":true,"href":"https:\/\/www.federacaopaulistadefutsal.com.br\/novo\/wp-json\/wp\/v2\/comments?post=32317"}],"version-history":[{"count":2,"href":"https:\/\/www.federacaopaulistadefutsal.com.br\/novo\/wp-json\/wp\/v2\/posts\/32317\/revisions"}],"predecessor-version":[{"id":32320,"href":"https:\/\/www.federacaopaulistadefutsal.com.br\/novo\/wp-json\/wp\/v2\/posts\/32317\/revisions\/32320"}],"wp:featuredmedia":[{"embeddable":true,"href":"https:\/\/www.federacaopaulistadefutsal.com.br\/novo\/wp-json\/wp\/v2\/media\/32318"}],"wp:attachment":[{"href":"https:\/\/www.federacaopaulistadefutsal.com.br\/novo\/wp-json\/wp\/v2\/media?parent=32317"}],"wp:term":[{"taxonomy":"category","embeddable":true,"href":"https:\/\/www.federacaopaulistadefutsal.com.br\/novo\/wp-json\/wp\/v2\/categories?post=32317"},{"taxonomy":"post_tag","embeddable":true,"href":"https:\/\/www.federacaopaulistadefutsal.com.br\/novo\/wp-json\/wp\/v2\/tags?post=32317"}],"curies":[{"name":"wp","href":"https:\/\/api.w.org\/{rel}","templated":true}]}}