{"id":32321,"date":"2020-04-08T16:07:27","date_gmt":"2020-04-08T16:07:27","guid":{"rendered":"http:\/\/www.federacaopaulistadefutsal.com.br\/novo\/?p=32321"},"modified":"2020-04-08T16:07:27","modified_gmt":"2020-04-08T16:07:27","slug":"conheca-alguns-palcos-da-copa-do-mundo-lituania-2020","status":"publish","type":"post","link":"https:\/\/www.federacaopaulistadefutsal.com.br\/novo\/conheca-alguns-palcos-da-copa-do-mundo-lituania-2020\/","title":{"rendered":"CONHE\u00c7A ALGUNS PALCOS DA COPA DO MUNDO LITU\u00c2NIA 2020"},"content":{"rendered":"<p>Ontem, 07\/04, foram divulgados alguns dos palcos para as partidas de futsal da Copa do Mundo na Litu\u00e2nia 2020. Os Gin\u00e1sios altamente tecnol\u00f3gicos far\u00e3o com que os espet\u00e1culos sejam ainda mais completos neste mundial.<\/p>\n<p>A Kaunas Arena \u00e9 um local polivalente na Ilha Nemunas, em Kaunas, a segunda maior cidade da Litu\u00e2nia. A Arena Zalgirio est\u00e1 localizada em uma rua chamada Karaliaus Mindaugo e \u00e9 o local do time de basquete Kauno Zalgiris.<\/p>\n<p>&nbsp;<\/p>\n<p><img fetchpriority=\"high\" decoding=\"async\" class=\"aligncenter size-full wp-image-32324\" src=\"http:\/\/www.federacaopaulistadefutsal.com.br\/novo\/wp-content\/uploads\/2020\/04\/04.04.20-Kaunas-Arena-Copa-do-Mundo-Litu\u00e2nia-Foto-Divulga\u00e7\u00e3o-1.png\" alt=\"\" width=\"740\" height=\"324\" srcset=\"https:\/\/www.federacaopaulistadefutsal.com.br\/novo\/wp-content\/uploads\/2020\/04\/04.04.20-Kaunas-Arena-Copa-do-Mundo-Litu\u00e2nia-Foto-Divulga\u00e7\u00e3o-1.png 740w, https:\/\/www.federacaopaulistadefutsal.com.br\/novo\/wp-content\/uploads\/2020\/04\/04.04.20-Kaunas-Arena-Copa-do-Mundo-Litu\u00e2nia-Foto-Divulga\u00e7\u00e3o-1-300x131.png 300w\" sizes=\"(max-width: 740px) 100vw, 740px\" \/><\/p>\n<p>A constru\u00e7\u00e3o come\u00e7ou em agosto de 2008, com a pedra fundamental lan\u00e7ada em 26 de setembro daquele ano. O sal\u00e3o foi inaugurado oficialmente em 18 de agosto de 2011, pouco antes do in\u00edcio do Campeonato Europeu de Basquete, e todos os jogos da rodada final da competi\u00e7\u00e3o foram disputados l\u00e1. Em 5 de dezembro de 2014, o grupo lituano Sel fez um concerto no local em frente a uma multid\u00e3o recorde de 20.517 pessoas.<\/p>\n<p>De 22 a 28 de abril de 2018, o sal\u00e3o sediou o torneio da Divis\u00e3o IB do Campeonato Mundial de H\u00f3quei no Gelo Masculino (IIHF). A arena possui o maior cubo de v\u00eddeo da regi\u00e3o do B\u00e1ltico ou da Escandin\u00e1via. Est\u00e1 embutido no teto do sal\u00e3o principal. Uma das telas mede 21,5 m\u00b2.<\/p>\n<p>Fatos da arena:<\/p>\n<p>Endere\u00e7o: Karaliaus Mindaugo pr. 50, LT-44334 Kaunas<\/p>\n<p>Capacidade: 14.110<\/p>\n<p>Aberto: 2011<\/p>\n<p>&nbsp;<\/p>\n<p><img decoding=\"async\" class=\"aligncenter size-full wp-image-32323\" src=\"http:\/\/www.federacaopaulistadefutsal.com.br\/novo\/wp-content\/uploads\/2020\/04\/04.04.20-Klaipeda-Arena-Copa-do-Mundo-Litu\u00e2nia-Foto-Divulga\u00e7\u00e3o-1.png\" alt=\"\" width=\"740\" height=\"324\" srcset=\"https:\/\/www.federacaopaulistadefutsal.com.br\/novo\/wp-content\/uploads\/2020\/04\/04.04.20-Klaipeda-Arena-Copa-do-Mundo-Litu\u00e2nia-Foto-Divulga\u00e7\u00e3o-1.png 740w, https:\/\/www.federacaopaulistadefutsal.com.br\/novo\/wp-content\/uploads\/2020\/04\/04.04.20-Klaipeda-Arena-Copa-do-Mundo-Litu\u00e2nia-Foto-Divulga\u00e7\u00e3o-1-300x131.png 300w\" sizes=\"(max-width: 740px) 100vw, 740px\" \/><\/p>\n<p>Klaipeda Arena \u00e9 um local polivalente na cidade portu\u00e1ria da Litu\u00e2nia, Klaipeda. A arena esportiva est\u00e1 localizada na Dubysos Street 10, entre a Baltijos Avenue e a Dubysa Street. \u00c9 a casa do time de basquete Neptunas Klaipeda (BBL, LKL). A constru\u00e7\u00e3o come\u00e7ou em setembro de 2009 e a arena foi aberta quase dois anos depois, no ver\u00e3o de 2011. Foi palco de jogos do Campeonato Europeu de Basquete no mesmo ano em que foi oficialmente inaugurada.<\/p>\n<p>Fatos da arena:<\/p>\n<p>Endere\u00e7o: Dubysos Str. 10-1, Klaipeda, Litu\u00e2nia, LT-93231<\/p>\n<p>Capacidade: 4.200<\/p>\n<p>Aberto: 2011<\/p>\n<p>&nbsp;<\/p>\n<p><img decoding=\"async\" class=\"aligncenter size-full wp-image-32322\" src=\"http:\/\/www.federacaopaulistadefutsal.com.br\/novo\/wp-content\/uploads\/2020\/04\/04.04.20-Vilnius-Arena-Copa-do-Mundo-Litu\u00e2nia-Foto-Divulga\u00e7\u00e3o-1.png\" alt=\"\" width=\"740\" height=\"324\" srcset=\"https:\/\/www.federacaopaulistadefutsal.com.br\/novo\/wp-content\/uploads\/2020\/04\/04.04.20-Vilnius-Arena-Copa-do-Mundo-Litu\u00e2nia-Foto-Divulga\u00e7\u00e3o-1.png 740w, https:\/\/www.federacaopaulistadefutsal.com.br\/novo\/wp-content\/uploads\/2020\/04\/04.04.20-Vilnius-Arena-Copa-do-Mundo-Litu\u00e2nia-Foto-Divulga\u00e7\u00e3o-1-300x131.png 300w\" sizes=\"(max-width: 740px) 100vw, 740px\" \/><\/p>\n<p>A Vilnius Arena foi o primeiro sal\u00e3o polivalente de padr\u00e3o internacional na Litu\u00e2nia e agora abriga muitos dos principais eventos de entretenimento, esporte e neg\u00f3cios. Shows de estrelas da m\u00fasica global e local, v\u00e1rias competi\u00e7\u00f5es esportivas internacionais, shows, apresenta\u00e7\u00f5es teatrais, semin\u00e1rios de neg\u00f3cios e confer\u00eancias s\u00e3o realizados l\u00e1. \u00c9 tamb\u00e9m a casa do clube de basquete BC Lietuvos Rytas.<\/p>\n<p>A arena foi constru\u00edda em apenas 12 meses e abriu suas portas para os visitantes em 30 de outubro de 2004. Foi projetada por Jungtines Architektu Dirbtuves e Stadium Consultants International, especialistas globais em design de arena.<\/p>\n<p>Fatos da arena:<\/p>\n<p>Endere\u00e7o : Ozo str. 14, Vilnius, Litu\u00e2nia<\/p>\n<p>Capacidade : 10.000<\/p>\n<p>Aberto : 2004<\/p>\n<p>&nbsp;<\/p>\n<p>Fonte.: LNF<br \/>\nFotos: Reprodu\u00e7\u00e3o<\/p>\n","protected":false},"excerpt":{"rendered":"<p>Ontem, 07\/04, foram divulgados alguns dos palcos para as partidas de futsal da Copa do Mundo na Litu\u00e2nia 2020. Os<\/p>\n","protected":false},"author":2,"featured_media":32324,"comment_status":"open","ping_status":"open","sticky":false,"template":"","format":"standard","meta":{"footnotes":""},"categories":[2660,25,2651,1,35],"tags":[2869,2710,2828,42,1131],"class_list":["post-32321","post","type-post","status-publish","format-standard","has-post-thumbnail","hentry","category-home-destaque","category-destaques","category-noticias","category-novidades","category-selecao","tag-copadomundofifa2020","tag-federacaopaulistadefutsal","tag-selecaobrasileira","tag-fpfs","tag-futsal"],"_links":{"self":[{"href":"https:\/\/www.federacaopaulistadefutsal.com.br\/novo\/wp-json\/wp\/v2\/posts\/32321","targetHints":{"allow":["GET"]}}],"collection":[{"href":"https:\/\/www.federacaopaulistadefutsal.com.br\/novo\/wp-json\/wp\/v2\/posts"}],"about":[{"href":"https:\/\/www.federacaopaulistadefutsal.com.br\/novo\/wp-json\/wp\/v2\/types\/post"}],"author":[{"embeddable":true,"href":"https:\/\/www.federacaopaulistadefutsal.com.br\/novo\/wp-json\/wp\/v2\/users\/2"}],"replies":[{"embeddable":true,"href":"https:\/\/www.federacaopaulistadefutsal.com.br\/novo\/wp-json\/wp\/v2\/comments?post=32321"}],"version-history":[{"count":1,"href":"https:\/\/www.federacaopaulistadefutsal.com.br\/novo\/wp-json\/wp\/v2\/posts\/32321\/revisions"}],"predecessor-version":[{"id":32325,"href":"https:\/\/www.federacaopaulistadefutsal.com.br\/novo\/wp-json\/wp\/v2\/posts\/32321\/revisions\/32325"}],"wp:featuredmedia":[{"embeddable":true,"href":"https:\/\/www.federacaopaulistadefutsal.com.br\/novo\/wp-json\/wp\/v2\/media\/32324"}],"wp:attachment":[{"href":"https:\/\/www.federacaopaulistadefutsal.com.br\/novo\/wp-json\/wp\/v2\/media?parent=32321"}],"wp:term":[{"taxonomy":"category","embeddable":true,"href":"https:\/\/www.federacaopaulistadefutsal.com.br\/novo\/wp-json\/wp\/v2\/categories?post=32321"},{"taxonomy":"post_tag","embeddable":true,"href":"https:\/\/www.federacaopaulistadefutsal.com.br\/novo\/wp-json\/wp\/v2\/tags?post=32321"}],"curies":[{"name":"wp","href":"https:\/\/api.w.org\/{rel}","templated":true}]}}