{"id":32381,"date":"2020-05-06T17:04:46","date_gmt":"2020-05-06T17:04:46","guid":{"rendered":"http:\/\/www.federacaopaulistadefutsal.com.br\/novo\/?p=32381"},"modified":"2020-08-10T16:57:27","modified_gmt":"2020-08-10T16:57:27","slug":"nota-de-falecimento-morre-aos-62-anos-vitima-da-covid-19-luiz-emilio-terzulli-braza-dirigente-que-atuou-por-inumeras-equipes-do-futsal-paulista","status":"publish","type":"post","link":"https:\/\/www.federacaopaulistadefutsal.com.br\/novo\/nota-de-falecimento-morre-aos-62-anos-vitima-da-covid-19-luiz-emilio-terzulli-braza-dirigente-que-atuou-por-inumeras-equipes-do-futsal-paulista\/","title":{"rendered":"NOTA DE FALECIMENTO: MORRE AOS 62 ANOS, V\u00cdTIMA DA COVID-19, LUIZ EMILIO TERZULLI (BRAZA), DIRIGENTE QUE ATUOU POR IN\u00daMERAS EQUIPES DO FUTSAL PAULISTA"},"content":{"rendered":"<p>A Federa\u00e7\u00e3o Paulista de Futsal (FPFS), entidade que administra e organiza o esporte das quadras em S\u00e3o Paulo, atrav\u00e9s deste espa\u00e7o, informa, com muito pesar, o falecimento de LUIZ EMILIO TERZULLI (Braza), que por muitos anos trabalhou em diversas equipes, masculinas e femininas do futsal paulista como C.A. Juventus, S\u00e3o Caetano Futsal, S.C. Corinthians Paulista e Instituto Estrela de Guarulhos.<\/p>\n<p>Em respeito aos amigos e familiares, a FPFS, presta sua solidariedade e reconhece a import\u00e2ncia dos colaboradores que fazem com que os salonistas e o futsal cres\u00e7am cada dia mais.<\/p>\n","protected":false},"excerpt":{"rendered":"<p>A Federa\u00e7\u00e3o Paulista de Futsal (FPFS), entidade que administra e organiza o esporte das quadras em S\u00e3o Paulo, atrav\u00e9s deste<\/p>\n","protected":false},"author":2,"featured_media":32380,"comment_status":"open","ping_status":"open","sticky":false,"template":"","format":"standard","meta":{"footnotes":""},"categories":[2651],"tags":[],"class_list":["post-32381","post","type-post","status-publish","format-standard","has-post-thumbnail","hentry","category-noticias"],"_links":{"self":[{"href":"https:\/\/www.federacaopaulistadefutsal.com.br\/novo\/wp-json\/wp\/v2\/posts\/32381","targetHints":{"allow":["GET"]}}],"collection":[{"href":"https:\/\/www.federacaopaulistadefutsal.com.br\/novo\/wp-json\/wp\/v2\/posts"}],"about":[{"href":"https:\/\/www.federacaopaulistadefutsal.com.br\/novo\/wp-json\/wp\/v2\/types\/post"}],"author":[{"embeddable":true,"href":"https:\/\/www.federacaopaulistadefutsal.com.br\/novo\/wp-json\/wp\/v2\/users\/2"}],"replies":[{"embeddable":true,"href":"https:\/\/www.federacaopaulistadefutsal.com.br\/novo\/wp-json\/wp\/v2\/comments?post=32381"}],"version-history":[{"count":1,"href":"https:\/\/www.federacaopaulistadefutsal.com.br\/novo\/wp-json\/wp\/v2\/posts\/32381\/revisions"}],"predecessor-version":[{"id":32384,"href":"https:\/\/www.federacaopaulistadefutsal.com.br\/novo\/wp-json\/wp\/v2\/posts\/32381\/revisions\/32384"}],"wp:featuredmedia":[{"embeddable":true,"href":"https:\/\/www.federacaopaulistadefutsal.com.br\/novo\/wp-json\/wp\/v2\/media\/32380"}],"wp:attachment":[{"href":"https:\/\/www.federacaopaulistadefutsal.com.br\/novo\/wp-json\/wp\/v2\/media?parent=32381"}],"wp:term":[{"taxonomy":"category","embeddable":true,"href":"https:\/\/www.federacaopaulistadefutsal.com.br\/novo\/wp-json\/wp\/v2\/categories?post=32381"},{"taxonomy":"post_tag","embeddable":true,"href":"https:\/\/www.federacaopaulistadefutsal.com.br\/novo\/wp-json\/wp\/v2\/tags?post=32381"}],"curies":[{"name":"wp","href":"https:\/\/api.w.org\/{rel}","templated":true}]}}