{"id":32551,"date":"2020-06-27T18:02:23","date_gmt":"2020-06-27T18:02:23","guid":{"rendered":"http:\/\/www.federacaopaulistadefutsal.com.br\/novo\/?p=32551"},"modified":"2020-06-27T23:14:38","modified_gmt":"2020-06-27T23:14:38","slug":"prefeitura-permite-reabertura-dos-clubes-em-sao-paulo","status":"publish","type":"post","link":"https:\/\/www.federacaopaulistadefutsal.com.br\/novo\/prefeitura-permite-reabertura-dos-clubes-em-sao-paulo\/","title":{"rendered":"Prefeitura permite reabertura dos clubes em S\u00e3o Paulo"},"content":{"rendered":"<p>Prezados dirigentes,<br \/>\nNa manh\u00e3 de hoje, 27 de junho, os presidentes Paulo Movizzo, do Sindi Clube e S\u00e9rgio Nabhan, da Acesc, assinaram um termo de compromisso junto a prefeitura de S\u00e3o Paulo, que permite a reabertura dos Clubes.<br \/>\nEm primeiro lugar, gostar\u00edamos de agradecer ao Prefeito Bruno Covas, ao Presidente da C\u00e2mara dos Vereadores, Eduardo Tuma, ao Vereador Daniel Annemberg, ao Secret\u00e1rio da Casa Civil, Orlando Faria e a Secret\u00e1ria de Desenvolvimento Econ\u00f4mico e Trabalho, Aline Cardoso, pelo apoio ao setor club\u00edstico no di\u00e1logo para retomada de atividades.<br \/>\nRessaltamos que, nesta reuni\u00e3o, uma importante reivindica\u00e7\u00e3o do setor foi ouvida pelas autoridades. O hor\u00e1rio de funcionamento dos Clubes na retomada, estabelecido anteriormente como 4 horas di\u00e1rias, agora n\u00e3o ter\u00e1 qualquer restri\u00e7\u00e3o e poder\u00e1 ser estabelecido pelas pr\u00f3prias agremia\u00e7\u00f5es, o que certamente contribuir\u00e1 para o controle de aglomera\u00e7\u00f5es.<br \/>\nReferente a data de abertura, ainda que os Clubes j\u00e1 tenham autoriza\u00e7\u00e3o legal para reabrirem hoje, dia 27 de junho, sugerimos que o fa\u00e7am a partir do dia 6 de julho, conforme orienta\u00e7\u00e3o do prefeito Bruno Covas para as demais categorias.<br \/>\nPaulo Movizzo, presidente do Sindi Clube<\/p>\n","protected":false},"excerpt":{"rendered":"<p>Prezados dirigentes, Na manh\u00e3 de hoje, 27 de junho, os presidentes Paulo Movizzo, do Sindi Clube e S\u00e9rgio Nabhan, da<\/p>\n","protected":false},"author":2,"featured_media":32559,"comment_status":"open","ping_status":"open","sticky":false,"template":"","format":"image","meta":{"footnotes":""},"categories":[2660,25,2662,2651],"tags":[],"class_list":["post-32551","post","type-post","status-publish","format-image","has-post-thumbnail","hentry","category-home-destaque","category-destaques","category-homeparte3","category-noticias","post_format-post-format-image"],"_links":{"self":[{"href":"https:\/\/www.federacaopaulistadefutsal.com.br\/novo\/wp-json\/wp\/v2\/posts\/32551","targetHints":{"allow":["GET"]}}],"collection":[{"href":"https:\/\/www.federacaopaulistadefutsal.com.br\/novo\/wp-json\/wp\/v2\/posts"}],"about":[{"href":"https:\/\/www.federacaopaulistadefutsal.com.br\/novo\/wp-json\/wp\/v2\/types\/post"}],"author":[{"embeddable":true,"href":"https:\/\/www.federacaopaulistadefutsal.com.br\/novo\/wp-json\/wp\/v2\/users\/2"}],"replies":[{"embeddable":true,"href":"https:\/\/www.federacaopaulistadefutsal.com.br\/novo\/wp-json\/wp\/v2\/comments?post=32551"}],"version-history":[{"count":4,"href":"https:\/\/www.federacaopaulistadefutsal.com.br\/novo\/wp-json\/wp\/v2\/posts\/32551\/revisions"}],"predecessor-version":[{"id":32561,"href":"https:\/\/www.federacaopaulistadefutsal.com.br\/novo\/wp-json\/wp\/v2\/posts\/32551\/revisions\/32561"}],"wp:featuredmedia":[{"embeddable":true,"href":"https:\/\/www.federacaopaulistadefutsal.com.br\/novo\/wp-json\/wp\/v2\/media\/32559"}],"wp:attachment":[{"href":"https:\/\/www.federacaopaulistadefutsal.com.br\/novo\/wp-json\/wp\/v2\/media?parent=32551"}],"wp:term":[{"taxonomy":"category","embeddable":true,"href":"https:\/\/www.federacaopaulistadefutsal.com.br\/novo\/wp-json\/wp\/v2\/categories?post=32551"},{"taxonomy":"post_tag","embeddable":true,"href":"https:\/\/www.federacaopaulistadefutsal.com.br\/novo\/wp-json\/wp\/v2\/tags?post=32551"}],"curies":[{"name":"wp","href":"https:\/\/api.w.org\/{rel}","templated":true}]}}