{"id":32563,"date":"2020-07-02T02:01:20","date_gmt":"2020-07-02T02:01:20","guid":{"rendered":"http:\/\/www.federacaopaulistadefutsal.com.br\/novo\/?p=32563"},"modified":"2020-07-02T02:14:43","modified_gmt":"2020-07-02T02:14:43","slug":"federacao-fixa-horario-de-atendimento-excepcional-durante-a-pandemia","status":"publish","type":"post","link":"https:\/\/www.federacaopaulistadefutsal.com.br\/novo\/federacao-fixa-horario-de-atendimento-excepcional-durante-a-pandemia\/","title":{"rendered":"FEDERA\u00c7\u00c3O FIXA HOR\u00c1RIO DE ATENDIMENTO EXCEPCIONAL DURANTE A PANDEMIA"},"content":{"rendered":"<h4><strong><span style=\"color: #ff0000;\">ATEN\u00c7\u00c3O FILIADO!<\/span><\/strong><\/h4>\n<p>O servi\u00e7o atendimento\u00a0 presencial realizado na sede da <strong>FPFS &#8211;\u00a0FEDERA\u00c7\u00c3O PAULISTA DE FUTSAL\u00a0<\/strong> foi suspenso temporariamente na segunda quinzena do m\u00eas\u00a0 mar\u00e7o\/2020, seguindo as orienta\u00e7\u00f5es do <strong>MINIST\u00c9RIO DA SA\u00daDE DO BRASIL<\/strong>, tendo em vista a pandemia pelo novo <strong>CORONAV\u00cdRUS (COVID-19).<\/strong><\/p>\n<p>Funcion\u00e1rios e colaboradores\u00a0 continuaram executando suas atividades e\u00a0 prestando atendimento aos filiados atrav\u00e9s do sistema <em>home office<\/em>.<\/p>\n<p>Dado o cen\u00e1rio atual, optamos por tomar algumas medidas para\u00a0 continuar zelando pela sa\u00fade e bem-estar dos nossos funcion\u00e1rios, colaboradores e filiados. Como medida preventiva, adotamos novo hor\u00e1rio de atendimento na sede da entidade. <strong>A partir do dia 06 de julho de 2020 a Federa\u00e7\u00e3o voltar\u00e1 seu atendimento presencial, excepcionalmente, de segunda a sexta-feira, das 10h \u00e0s 12h e 13h \u00e0s 16h\u00a0<\/strong> \u00a0a iniciativa visa refor\u00e7ar a import\u00e2ncia de combater a dissemina\u00e7\u00e3o do v\u00edrus, que vem crescendo gradativamente no Estado de S\u00e3o Paulo, conforme estamos acompanhando dia a dia.<\/p>\n","protected":false},"excerpt":{"rendered":"<p>ATEN\u00c7\u00c3O FILIADO! O servi\u00e7o atendimento\u00a0 presencial realizado na sede da FPFS &#8211;\u00a0FEDERA\u00c7\u00c3O PAULISTA DE FUTSAL\u00a0 foi suspenso temporariamente na segunda<\/p>\n","protected":false},"author":2,"featured_media":32567,"comment_status":"open","ping_status":"open","sticky":false,"template":"","format":"standard","meta":{"footnotes":""},"categories":[2660,25,2662,28],"tags":[],"class_list":["post-32563","post","type-post","status-publish","format-standard","has-post-thumbnail","hentry","category-home-destaque","category-destaques","category-homeparte3","category-fpfs-acontece"],"_links":{"self":[{"href":"https:\/\/www.federacaopaulistadefutsal.com.br\/novo\/wp-json\/wp\/v2\/posts\/32563","targetHints":{"allow":["GET"]}}],"collection":[{"href":"https:\/\/www.federacaopaulistadefutsal.com.br\/novo\/wp-json\/wp\/v2\/posts"}],"about":[{"href":"https:\/\/www.federacaopaulistadefutsal.com.br\/novo\/wp-json\/wp\/v2\/types\/post"}],"author":[{"embeddable":true,"href":"https:\/\/www.federacaopaulistadefutsal.com.br\/novo\/wp-json\/wp\/v2\/users\/2"}],"replies":[{"embeddable":true,"href":"https:\/\/www.federacaopaulistadefutsal.com.br\/novo\/wp-json\/wp\/v2\/comments?post=32563"}],"version-history":[{"count":5,"href":"https:\/\/www.federacaopaulistadefutsal.com.br\/novo\/wp-json\/wp\/v2\/posts\/32563\/revisions"}],"predecessor-version":[{"id":32572,"href":"https:\/\/www.federacaopaulistadefutsal.com.br\/novo\/wp-json\/wp\/v2\/posts\/32563\/revisions\/32572"}],"wp:featuredmedia":[{"embeddable":true,"href":"https:\/\/www.federacaopaulistadefutsal.com.br\/novo\/wp-json\/wp\/v2\/media\/32567"}],"wp:attachment":[{"href":"https:\/\/www.federacaopaulistadefutsal.com.br\/novo\/wp-json\/wp\/v2\/media?parent=32563"}],"wp:term":[{"taxonomy":"category","embeddable":true,"href":"https:\/\/www.federacaopaulistadefutsal.com.br\/novo\/wp-json\/wp\/v2\/categories?post=32563"},{"taxonomy":"post_tag","embeddable":true,"href":"https:\/\/www.federacaopaulistadefutsal.com.br\/novo\/wp-json\/wp\/v2\/tags?post=32563"}],"curies":[{"name":"wp","href":"https:\/\/api.w.org\/{rel}","templated":true}]}}